{"id":23785,"date":"2025-03-11T20:00:24","date_gmt":"2025-03-11T23:00:24","guid":{"rendered":"https:\/\/guiadenoticias.com.ar\/diario\/?p=23785"},"modified":"2025-04-07T03:22:11","modified_gmt":"2025-04-07T06:22:11","slug":"en-el-hcd-moreira-no-ahorro-criticas-contra-el-gobierno-de-milei","status":"publish","type":"post","link":"https:\/\/guiadenoticias.com.ar\/diario\/en-el-hcd-moreira-no-ahorro-criticas-contra-el-gobierno-de-milei\/","title":{"rendered":"En el HCD: Moreira no ahorr\u00f3 cr\u00edticas contra el gobierno de Milei"},"content":{"rendered":"<p>El intendente de San Mart\u00edn, <strong>Fernando Moreira, abri\u00f3 un nuevo per\u00edodo de sesiones ordinarias del Concejo Deliberante con un duro discurso dirigido al gobierno nacional. \u201cLo m\u00e1s dram\u00e1tico es que las transferencias de origen nacional cayeron 98%, son 23 mil millones de pesos que dejamos de recibir en 2024\u201d,<\/strong> resalt\u00f3 el jefe comunal.<\/p>\n<p><strong>Agreg\u00f3 que el Estado local tambi\u00e9n dej\u00f3 de percibir otros 16 mil millones por el impacto del ajuste en el poder adquisitivo de las familias, que provoc\u00f3 una ca\u00edda en el consumo y la producci\u00f3n.<\/strong><\/p>\n<p>En su mensaje, Moreira se\u00f1al\u00f3 que \u201cSan Mart\u00edn perdi\u00f3 el a\u00f1o pasado una parte importante del presupuesto, al mismo tiempo que aument\u00f3 la demanda social por la crisis. Sin embargo, gracias a una administraci\u00f3n inteligente estuvimos presentes todos los d\u00edas en cada rinc\u00f3n de la ciudad\u201d.<\/p>\n<p>En ese sentido, destac\u00f3 la atenci\u00f3n de la demanda de alimentos en la red de 190 comedores y merenderos que abastece el Municipio, cuya demanda aument\u00f3 30% en 2024. \u201cEl principal esfuerzo estuvo puesto en sostener y potenciar todos los dispositivos de cuidado y cercan\u00eda\u201d, agreg\u00f3.<\/p>\n<p>Por otro lado, las obras p\u00fablicas fueron un eje central del discurso, en algunos casos financiadas por el gobierno bonaerense. As\u00ed cit\u00f3 obras en escuelas, avances de la red troncal de cloacas en siete barrios del \u00c1rea Reconquista; la cuarta y \u00faltima etapa de remodelaci\u00f3n integral del Hospital Thompson.<\/p>\n<p>El intendente repas\u00f3 tambi\u00e9n obras viales, por ejemplo, la repavimentaci\u00f3n y puesta en valor de la Avenida Presidente Per\u00f3n, desde Eva Per\u00f3n hasta Triunvirato; y de Eva Per\u00f3n, entre Ruta 8 y Camino del Buen Ayre; en la Avenida Juan Manuel de Rosas (Ruta 4), en una primera etapa desde Sarratea hasta el puente de Jos\u00e9 Le\u00f3n Su\u00e1rez.<\/p>\n<p>En cuanto a la salud, destac\u00f3 el aumento de la asistencia del Sistema Integral de Salud Municipal, que pas\u00f3 a asistir a 184 mil personas el a\u00f1o pasado (26 mil m\u00e1s que en 2023) por la ampliaci\u00f3n de la Red de Centros y Postas de Atenci\u00f3n Primaria a 24 espacios en total. Tambi\u00e9n remarc\u00f3 el trabajo del Sistema de Protecci\u00f3n Integral de personas en situaci\u00f3n de violencia de g\u00e9nero y del Sistema de Protecci\u00f3n de Derechos de ni\u00f1as, ni\u00f1os y adolescentes, que atendieron m\u00e1s casos y de mayor gravedad en 2024.<\/p>\n<p>Adem\u00e1s, resalt\u00f3 la continuidad de todos los programas educativos, culturales y para las infancias y juventudes, as\u00ed como la celebraci\u00f3n del Primer Congreso de Educaci\u00f3n de San Mart\u00edn en 2024.<\/p>\n<p><strong>En ese sentido, dijo, \u201cestamos convencidos de que el Estado local debe acompa\u00f1ar el desarrollo de la comunidad de manera integral, mucho m\u00e1s cuando el Estado nacional se corre de las demandas sociales\u201d.<\/strong><\/p>\n<p>En el apartado sobre seguridad, Moreira sostuvo: \u201cQueremos sumarnos al reclamo que el gobernador Axel Kicillof viene realizando al gobierno nacional, por su decisi\u00f3n de eliminar el Fondo Provincial de Seguridad por segundo a\u00f1o, se trata de 750 mil millones de pesos que deber\u00edan ser destinados a la lucha contra el delito en el Conurbano\u201d.<\/p>\n<p>Concluy\u00f3 que \u201cen San Mart\u00edn gobernamos con la certeza de que una sociedad m\u00e1s justa e igualitaria es posible si hay un Estado presente, cercano e inteligente que acompa\u00f1e el desarrollo de la comunidad\u201d.<\/p>\n","protected":false},"excerpt":{"rendered":"<p>El intendente de San Mart\u00edn, Fernando Moreira, abri\u00f3 un nuevo per\u00edodo de sesiones ordinarias del Concejo Deliberante con un duro discurso dirigido al gobierno nacional. \u201cLo m\u00e1s dram\u00e1tico es que las transferencias de origen nacional cayeron 98%, son 23 mil millones de pesos que dejamos de recibir en 2024\u201d, resalt\u00f3 el jefe comunal. Agreg\u00f3 que [&hellip;]<\/p>\n","protected":false},"author":1,"featured_media":23786,"comment_status":"closed","ping_status":"closed","sticky":false,"template":"","format":"standard","meta":{"footnotes":""},"categories":[20,48,24],"tags":[83,139,74,255],"class_list":{"0":"post-23785","1":"post","2":"type-post","3":"status-publish","4":"format-standard","5":"has-post-thumbnail","7":"category-municipios","8":"category-politica-argentina","9":"category-san-martin","10":"tag-axel-kicillof","11":"tag-concejo-deliberante","12":"tag-fernando-moreira","13":"tag-javier-milei"},"aioseo_notices":[],"_links":{"self":[{"href":"https:\/\/guiadenoticias.com.ar\/diario\/wp-json\/wp\/v2\/posts\/23785","targetHints":{"allow":["GET"]}}],"collection":[{"href":"https:\/\/guiadenoticias.com.ar\/diario\/wp-json\/wp\/v2\/posts"}],"about":[{"href":"https:\/\/guiadenoticias.com.ar\/diario\/wp-json\/wp\/v2\/types\/post"}],"author":[{"embeddable":true,"href":"https:\/\/guiadenoticias.com.ar\/diario\/wp-json\/wp\/v2\/users\/1"}],"replies":[{"embeddable":true,"href":"https:\/\/guiadenoticias.com.ar\/diario\/wp-json\/wp\/v2\/comments?post=23785"}],"version-history":[{"count":1,"href":"https:\/\/guiadenoticias.com.ar\/diario\/wp-json\/wp\/v2\/posts\/23785\/revisions"}],"predecessor-version":[{"id":23788,"href":"https:\/\/guiadenoticias.com.ar\/diario\/wp-json\/wp\/v2\/posts\/23785\/revisions\/23788"}],"wp:featuredmedia":[{"embeddable":true,"href":"https:\/\/guiadenoticias.com.ar\/diario\/wp-json\/wp\/v2\/media\/23786"}],"wp:attachment":[{"href":"https:\/\/guiadenoticias.com.ar\/diario\/wp-json\/wp\/v2\/media?parent=23785"}],"wp:term":[{"taxonomy":"category","embeddable":true,"href":"https:\/\/guiadenoticias.com.ar\/diario\/wp-json\/wp\/v2\/categories?post=23785"},{"taxonomy":"post_tag","embeddable":true,"href":"https:\/\/guiadenoticias.com.ar\/diario\/wp-json\/wp\/v2\/tags?post=23785"}],"curies":[{"name":"wp","href":"https:\/\/api.w.org\/{rel}","templated":true}]}}