{"id":23838,"date":"2025-04-18T10:00:41","date_gmt":"2025-04-18T13:00:41","guid":{"rendered":"https:\/\/guiadenoticias.com.ar\/diario\/?p=23838"},"modified":"2025-04-30T03:54:43","modified_gmt":"2025-04-30T06:54:43","slug":"valenzuela-vamos-a-profundizar-esta-politica-de-menos-impuestos-mas-trabajo","status":"publish","type":"post","link":"https:\/\/guiadenoticias.com.ar\/diario\/valenzuela-vamos-a-profundizar-esta-politica-de-menos-impuestos-mas-trabajo\/","title":{"rendered":"Valenzuela: \u201cVamos a profundizar esta pol\u00edtica de menos impuestos, m\u00e1s trabajo\u201d"},"content":{"rendered":"<p>Por Alan Mineo<\/p>\n<p>En un acto que reuni\u00f3 a empresarios, comerciantes y funcionarios, en el emblem\u00e1tico Museo del Fitito de Caseros, y con el marco del D\u00eda Mundial del Emprendedor,<strong> el intendente de Tres de Febrero, Diego Valenzuela, anunci\u00f3 la eliminaci\u00f3n de la Direcci\u00f3n de Habilitaciones<\/strong>, como parte de un paquete de medidas orientadas a simplificar los tr\u00e1mites, reducir la burocracia y alentar la inversi\u00f3n privada en el distrito.<\/p>\n<p><strong>Como contrapartida comienza a funcionar la Direcci\u00f3n de Inversiones y Emprendedores<\/strong>, que est\u00e1 a cargo de Federico Velazco, que se desempe\u00f1\u00f3 como presidente de la C\u00e1mara Gastron\u00f3mica de Tres de Febrero.<\/p>\n<p>En di\u00e1logo con la prensa, Valenzuela fue contundente: \u201cDimos un paso m\u00e1s en la direcci\u00f3n correcta, enchufando a Tres de Febrero en el cambio nacional. Queremos un Estado m\u00e1s \u00e1gil y moderno, con menos trabas, que acompa\u00f1e al que quiere invertir y generar empleo\u201d.<\/p>\n<p>La eliminaci\u00f3n de la Direcci\u00f3n de Habilitaciones implica la implementaci\u00f3n de las Habilitaciones Instant\u00e1neas; posteriormente, inspectores municipales visitar\u00e1n el local para verificar el cumplimiento normativo. \u00abVamos a profundizar esta pol\u00edtica de menos impuestos, m\u00e1s trabajo. Siempre se puede hacer algo m\u00e1s para eliminar burocracia, para simplificarle la vida al que quiere trabajar\u00bb, afirm\u00f3 el jefe comunal.<\/p>\n<p>Tambi\u00e9n se\u00f1al\u00f3 que esta pol\u00edtica ya fue compartida con referentes nacionales, como el ministro Federico Sturzenegger, y destac\u00f3 que espera que otras Intendencias hagan readecuaciones: \u201cQueremos contagiar este modelo y que los municipios revisen sus normativas. El Estado tiene que estar al servicio del que trabaja\u201d.<\/p>\n<p>En esa l\u00ednea, remarc\u00f3 que esta transformaci\u00f3n administrativa se suma a decisiones anteriores como la eliminaci\u00f3n de m\u00e1s de 500 tasas en 2022, la gratuidad en las habilitaciones y la no aplicaci\u00f3n de la Tasa Vial. Adem\u00e1s, record\u00f3 que Tres de Febrero posee una de las tasas de Seguridad e Higiene m\u00e1s bajas de la provincia.<\/p>\n","protected":false},"excerpt":{"rendered":"<p>Por Alan Mineo En un acto que reuni\u00f3 a empresarios, comerciantes y funcionarios, en el emblem\u00e1tico Museo del Fitito de Caseros, y con el marco del D\u00eda Mundial del Emprendedor, el intendente de Tres de Febrero, Diego Valenzuela, anunci\u00f3 la eliminaci\u00f3n de la Direcci\u00f3n de Habilitaciones, como parte de un paquete de medidas orientadas a [&hellip;]<\/p>\n","protected":false},"author":1,"featured_media":23839,"comment_status":"closed","ping_status":"closed","sticky":false,"template":"","format":"standard","meta":{"footnotes":""},"categories":[49,70,20,26],"tags":[72,255,226],"class_list":{"0":"post-23838","1":"post","2":"type-post","3":"status-publish","4":"format-standard","5":"has-post-thumbnail","7":"category-economia-y-gremiales","8":"category-las-mas-leidas","9":"category-municipios","10":"category-tres-de-febrero","11":"tag-diego-valenzuela","12":"tag-javier-milei","13":"tag-tasas"},"aioseo_notices":[],"_links":{"self":[{"href":"https:\/\/guiadenoticias.com.ar\/diario\/wp-json\/wp\/v2\/posts\/23838","targetHints":{"allow":["GET"]}}],"collection":[{"href":"https:\/\/guiadenoticias.com.ar\/diario\/wp-json\/wp\/v2\/posts"}],"about":[{"href":"https:\/\/guiadenoticias.com.ar\/diario\/wp-json\/wp\/v2\/types\/post"}],"author":[{"embeddable":true,"href":"https:\/\/guiadenoticias.com.ar\/diario\/wp-json\/wp\/v2\/users\/1"}],"replies":[{"embeddable":true,"href":"https:\/\/guiadenoticias.com.ar\/diario\/wp-json\/wp\/v2\/comments?post=23838"}],"version-history":[{"count":2,"href":"https:\/\/guiadenoticias.com.ar\/diario\/wp-json\/wp\/v2\/posts\/23838\/revisions"}],"predecessor-version":[{"id":23875,"href":"https:\/\/guiadenoticias.com.ar\/diario\/wp-json\/wp\/v2\/posts\/23838\/revisions\/23875"}],"wp:featuredmedia":[{"embeddable":true,"href":"https:\/\/guiadenoticias.com.ar\/diario\/wp-json\/wp\/v2\/media\/23839"}],"wp:attachment":[{"href":"https:\/\/guiadenoticias.com.ar\/diario\/wp-json\/wp\/v2\/media?parent=23838"}],"wp:term":[{"taxonomy":"category","embeddable":true,"href":"https:\/\/guiadenoticias.com.ar\/diario\/wp-json\/wp\/v2\/categories?post=23838"},{"taxonomy":"post_tag","embeddable":true,"href":"https:\/\/guiadenoticias.com.ar\/diario\/wp-json\/wp\/v2\/tags?post=23838"}],"curies":[{"name":"wp","href":"https:\/\/api.w.org\/{rel}","templated":true}]}}