{"id":2392,"date":"2016-05-25T23:13:44","date_gmt":"2016-05-26T02:13:44","guid":{"rendered":"http:\/\/guiadenoticias.com.ar\/diario\/?p=2392"},"modified":"2016-05-25T23:14:02","modified_gmt":"2016-05-26T02:14:02","slug":"san-fernando-pidio-a-provincia-reabrir-pediatria-del-hospital","status":"publish","type":"post","link":"https:\/\/guiadenoticias.com.ar\/diario\/san-fernando-pidio-a-provincia-reabrir-pediatria-del-hospital\/","title":{"rendered":"San Fernando pidi\u00f3 a Provincia reabrir Pediatr\u00eda del hospital"},"content":{"rendered":"<p>En una reuni\u00f3n de la Regi\u00f3n Sanitaria V, en Vicente L\u00f3pez, encabezada por la ministra de Salud Zulma Ortiz, la secretaria de Medio Ambiente y Salud P\u00fablica de San Fernando, Alicia Aparicio, plante\u00f3 \u201cuna profunda preocupaci\u00f3n por el Hospital Petrona V. de Cordero, que se qued\u00f3 sin guardia e internaci\u00f3n pedi\u00e1trica\u201d.<\/p>\n<p>Adem\u00e1s, pidi\u00f3 m\u00e1s financiamiento para los programas materno infantiles. En ese sentido, Ortiz sostuvo, \u201cestamos buscando profesionales y hay comprometidos tres pediatras que garantizar\u00edan que el servicio funcione\u201d.<\/p>\n<p>\u201cPlantemos nuestra profunda preocupaci\u00f3n, como venimos haciendo desde enero, porque es un momento cr\u00edtico para San Fernando. Le preguntamos a la ministra a qu\u00e9 soluci\u00f3n hab\u00edan arribado\u201d, asegur\u00f3 Aparicio. Y se\u00f1al\u00f3: \u201cNos comunicaron que est\u00e1n enviando tres pediatras para organizar la internaci\u00f3n. El municipio hizo una gran inversi\u00f3n en salud durante los \u00faltimos a\u00f1os, y acabamos de abrir una Unidad de Diagn\u00f3stico Precoz con atenci\u00f3n pedi\u00e1trica 12 horas de lunes a viernes, pero se nos hace muy dif\u00edcil la internaci\u00f3n y nos obliga a derivar los pacientes al Hospital de Pacheco\u201d.<\/p>\n<p>Por otro lado, manifest\u00f3 su preocupaci\u00f3n por el desfinanciamiento de los programas materno infantiles: \u201cTenemos programas que son nacionales y solicitamos a la ministra que los gestione, como el caso del Nacer y el Sumar que es para aquellas personas que no tienen obra social, y ahora la atenci\u00f3n primaria y los hospitales de la Provincia se quedan con la mitad del financiamiento a partir de una decisi\u00f3n por cuestiones econ\u00f3micas\u201d.<\/p>\n<p>\u201cAdem\u00e1s, tenemos el programa Remediar \u2013agreg\u00f3-, por el cual cada 300 recetas recibimos una caja con medicamentos para reponer los que se dan. Han reducido la cantidad que nos env\u00edan, y la falta del \u00e1cido f\u00f3lico o el hierro que es fundamental para la parte materno infantil, genera un gran da\u00f1o. Tambi\u00e9n dejaron de enviar la leche en polvo correspondiente al plan Materno Infantil, lo que afecta en el valor proteico pero tambi\u00e9n en la posibilidad de que al venir la mam\u00e1 a buscar la leche, se haga en contraprestaci\u00f3n los controles\u201d.<\/p>\n<p>Consultada por la situaci\u00f3n del Hospital Provincial, Ortiz expres\u00f3: \u201cEstamos en contacto con las autoridades desde el momento en que esta situaci\u00f3n se produjo y comenzamos la b\u00fasqueda de profesionales. Tenemos comprometidos a tres pediatras que garantizar\u00edan que el servicio funcione. La situaci\u00f3n estival y las enfermedades gripales hacen que muchos de los colegas est\u00e9n comprometidos con otros servicios, y por eso hubo dificultad para encontrarlos, pero apostamos a que todo vuelva a funcionar como corresponde\u201d.<\/p>\n","protected":false},"excerpt":{"rendered":"<p>En una reuni\u00f3n de la Regi\u00f3n Sanitaria V, en Vicente L\u00f3pez, encabezada por la ministra de Salud Zulma Ortiz, la secretaria de Medio Ambiente y Salud P\u00fablica de San Fernando, Alicia Aparicio, plante\u00f3 \u201cuna profunda preocupaci\u00f3n por el Hospital Petrona V. de Cordero, que se qued\u00f3 sin guardia e internaci\u00f3n pedi\u00e1trica\u201d. Adem\u00e1s, pidi\u00f3 m\u00e1s financiamiento [&hellip;]<\/p>\n","protected":false},"author":1,"featured_media":2393,"comment_status":"closed","ping_status":"open","sticky":false,"template":"","format":"standard","meta":{"footnotes":""},"categories":[20,48,22],"tags":[],"class_list":{"0":"post-2392","1":"post","2":"type-post","3":"status-publish","4":"format-standard","5":"has-post-thumbnail","7":"category-municipios","8":"category-politica-argentina","9":"category-san-fernando"},"aioseo_notices":[],"_links":{"self":[{"href":"https:\/\/guiadenoticias.com.ar\/diario\/wp-json\/wp\/v2\/posts\/2392","targetHints":{"allow":["GET"]}}],"collection":[{"href":"https:\/\/guiadenoticias.com.ar\/diario\/wp-json\/wp\/v2\/posts"}],"about":[{"href":"https:\/\/guiadenoticias.com.ar\/diario\/wp-json\/wp\/v2\/types\/post"}],"author":[{"embeddable":true,"href":"https:\/\/guiadenoticias.com.ar\/diario\/wp-json\/wp\/v2\/users\/1"}],"replies":[{"embeddable":true,"href":"https:\/\/guiadenoticias.com.ar\/diario\/wp-json\/wp\/v2\/comments?post=2392"}],"version-history":[{"count":1,"href":"https:\/\/guiadenoticias.com.ar\/diario\/wp-json\/wp\/v2\/posts\/2392\/revisions"}],"predecessor-version":[{"id":2394,"href":"https:\/\/guiadenoticias.com.ar\/diario\/wp-json\/wp\/v2\/posts\/2392\/revisions\/2394"}],"wp:featuredmedia":[{"embeddable":true,"href":"https:\/\/guiadenoticias.com.ar\/diario\/wp-json\/wp\/v2\/media\/2393"}],"wp:attachment":[{"href":"https:\/\/guiadenoticias.com.ar\/diario\/wp-json\/wp\/v2\/media?parent=2392"}],"wp:term":[{"taxonomy":"category","embeddable":true,"href":"https:\/\/guiadenoticias.com.ar\/diario\/wp-json\/wp\/v2\/categories?post=2392"},{"taxonomy":"post_tag","embeddable":true,"href":"https:\/\/guiadenoticias.com.ar\/diario\/wp-json\/wp\/v2\/tags?post=2392"}],"curies":[{"name":"wp","href":"https:\/\/api.w.org\/{rel}","templated":true}]}}