{"id":23923,"date":"2025-04-28T12:00:56","date_gmt":"2025-04-28T15:00:56","guid":{"rendered":"https:\/\/guiadenoticias.com.ar\/diario\/?p=23923"},"modified":"2025-05-08T04:07:57","modified_gmt":"2025-05-08T07:07:57","slug":"san-martin-presento-las-conclusiones-del-congreso-de-educacion","status":"publish","type":"post","link":"https:\/\/guiadenoticias.com.ar\/diario\/san-martin-presento-las-conclusiones-del-congreso-de-educacion\/","title":{"rendered":"San Mart\u00edn present\u00f3 las conclusiones del Congreso de Educaci\u00f3n"},"content":{"rendered":"<p><strong>En agosto de 2024, San Mart\u00edn fue sede del Primer Congreso de Educaci\u00f3n, evento que reuni\u00f3 a m\u00e1s de 7 mil personas, 80 especialistas y m\u00e1s de 400 experiencias pedag\u00f3gicas de 25 ciudades y 12 universidades distintas.<\/strong> Luego de meses de trabajo conjunto entre el Municipio, investigadores de la Universidad Nacional de San Mart\u00edn, la Universidad de Buenos Aires, el sistema educativo provincial y organizaciones sociales, se subieron las conclusiones al sitio web municipal.<\/p>\n<p>En este marco, el intendente <strong>Fernando Moreira expres\u00f3, \u201cestamos muy felices porque despu\u00e9s de un proceso virtuoso pusimos a disposici\u00f3n de toda la comunidad los aportes que reunimos en el congreso del a\u00f1o pasado, que nos permiti\u00f3 desarrollar una mirada cr\u00edtica sobre nuestra educaci\u00f3n y seguir fortaleciendo el trabajo colectivo con el sistema educativo provincial, la UNSAM y organizaciones de nuestra ciudad\u201d.<\/strong><\/p>\n<p>Agreg\u00f3 que \u201ctiene un enorme valor hacer esto en medio del ataque feroz del gobierno nacional a todo el sistema educativo. Frente a esa situaci\u00f3n nos unimos, trabajamos juntos y buscamos hacer un aporte a la mejora de la educaci\u00f3n en San Mart\u00edn y m\u00e1s all\u00e1 de nuestra ciudad\u201d.<\/p>\n<p><strong>Adem\u00e1s de las experiencias de la educaci\u00f3n formal y comunitaria, el Municipio puso a disposici\u00f3n las conferencias de expertos y expertas, encuestas realizadas, las producciones infantiles y la propuesta Laboratorios Educativos.<\/strong><\/p>\n<p>En ese sentido, trabajan en el armado de espacios de trabajo para profundizar en cinco ejes: educaci\u00f3n y trabajo; inclusi\u00f3n; tecnolog\u00eda y educaci\u00f3n; literacidades; ESI y g\u00e9nero. Los Laboratorios Educativos comenzar\u00e1n en mayo con un encuentro presencial y continuar\u00e1n a trav\u00e9s de un campus virtual, finalizando con un taller de escritura acad\u00e9mica.<\/p>\n","protected":false},"excerpt":{"rendered":"<p>En agosto de 2024, San Mart\u00edn fue sede del Primer Congreso de Educaci\u00f3n, evento que reuni\u00f3 a m\u00e1s de 7 mil personas, 80 especialistas y m\u00e1s de 400 experiencias pedag\u00f3gicas de 25 ciudades y 12 universidades distintas. Luego de meses de trabajo conjunto entre el Municipio, investigadores de la Universidad Nacional de San Mart\u00edn, la [&hellip;]<\/p>\n","protected":false},"author":1,"featured_media":23924,"comment_status":"closed","ping_status":"closed","sticky":false,"template":"","format":"standard","meta":{"footnotes":""},"categories":[20,24],"tags":[131,74],"class_list":{"0":"post-23923","1":"post","2":"type-post","3":"status-publish","4":"format-standard","5":"has-post-thumbnail","7":"category-municipios","8":"category-san-martin","9":"tag-educacion","10":"tag-fernando-moreira"},"aioseo_notices":[],"_links":{"self":[{"href":"https:\/\/guiadenoticias.com.ar\/diario\/wp-json\/wp\/v2\/posts\/23923","targetHints":{"allow":["GET"]}}],"collection":[{"href":"https:\/\/guiadenoticias.com.ar\/diario\/wp-json\/wp\/v2\/posts"}],"about":[{"href":"https:\/\/guiadenoticias.com.ar\/diario\/wp-json\/wp\/v2\/types\/post"}],"author":[{"embeddable":true,"href":"https:\/\/guiadenoticias.com.ar\/diario\/wp-json\/wp\/v2\/users\/1"}],"replies":[{"embeddable":true,"href":"https:\/\/guiadenoticias.com.ar\/diario\/wp-json\/wp\/v2\/comments?post=23923"}],"version-history":[{"count":1,"href":"https:\/\/guiadenoticias.com.ar\/diario\/wp-json\/wp\/v2\/posts\/23923\/revisions"}],"predecessor-version":[{"id":23926,"href":"https:\/\/guiadenoticias.com.ar\/diario\/wp-json\/wp\/v2\/posts\/23923\/revisions\/23926"}],"wp:featuredmedia":[{"embeddable":true,"href":"https:\/\/guiadenoticias.com.ar\/diario\/wp-json\/wp\/v2\/media\/23924"}],"wp:attachment":[{"href":"https:\/\/guiadenoticias.com.ar\/diario\/wp-json\/wp\/v2\/media?parent=23923"}],"wp:term":[{"taxonomy":"category","embeddable":true,"href":"https:\/\/guiadenoticias.com.ar\/diario\/wp-json\/wp\/v2\/categories?post=23923"},{"taxonomy":"post_tag","embeddable":true,"href":"https:\/\/guiadenoticias.com.ar\/diario\/wp-json\/wp\/v2\/tags?post=23923"}],"curies":[{"name":"wp","href":"https:\/\/api.w.org\/{rel}","templated":true}]}}