{"id":24002,"date":"2025-05-26T19:00:53","date_gmt":"2025-05-26T22:00:53","guid":{"rendered":"https:\/\/guiadenoticias.com.ar\/diario\/?p=24002"},"modified":"2025-05-30T03:48:47","modified_gmt":"2025-05-30T06:48:47","slug":"domingo-de-super-accion","status":"publish","type":"post","link":"https:\/\/guiadenoticias.com.ar\/diario\/domingo-de-super-accion\/","title":{"rendered":"Domingo de s\u00faper acci\u00f3n"},"content":{"rendered":"<p>El domingo 25 de mayo fue m\u00e1s que una fecha patria. Hubo varios eventos que dieron indicios del mapa pol\u00edtico actual, con mensajes simb\u00f3licos y otros, muy directos.<\/p>\n<p><strong>El presidente Javier Milei encabez\u00f3 el tradicional Tedeum, en la Catedral Metropolitana; all\u00ed no pas\u00f3 de largo que no llevaba puesta la escarapela y contrast\u00f3 con el resto de la concurrencia<\/strong>. El jefe de Estado tiene todo tipo de asesores, por lo tanto se infiere que fue su decisi\u00f3n no llevar este s\u00edmbolo patrio en la solapa.<\/p>\n<p><strong>Una de las im\u00e1genes del d\u00eda qued\u00f3 capturada durante su ingreso a la Catedral, cuando Milei decidi\u00f3 quitarle el saludo y no darle la mano al jefe de Gobierno porte\u00f1o, Jorge Macri. Apenas unos instantes despu\u00e9s, ignor\u00f3 por completo a la vicepresidenta Victoria Villarruel.<\/strong><\/p>\n<p>M\u00e1s tarde, en sus redes sociales lo explic\u00f3: \u00abRoma no paga traidores. Si se es bueno con los malos (esto es con quienes traicionan, mienten, calumnian, injurian y ensucian por una mera ventajita) se termina siendo muy malo con los buenos\u00bb. Y la post data: \u201cSaludos para chantal\u00e1n Guti\u00e9rrez Rub\u00ed y otras basuras varias\u00bb.<\/p>\n<p>En cambio <strong>guard\u00f3 silencio ante las palabras del arzobispo de Buenos Aires, Garc\u00eda Cuerva, quien critic\u00f3 la \u201cdescalificaci\u00f3n\u201d y la \u201cagresi\u00f3n constante\u201d de la pol\u00edtica<\/strong>, as\u00ed como el \u201cindividualismo\u201d y la deficiencia de las pol\u00edticas p\u00fablicas para incrementar el poder de compra de los jubilados y para solucionar la marginalidad. Tambi\u00e9n apunt\u00f3 al \u201cterrorismo en redes sociales\u201d.<\/p>\n<p>\u201cVenimos a pedirle a Dios que nuestra Argentina se cure y viva. Experimentamos que se est\u00e1 muriendo la fraternidad, la tolerancia, el respeto. Y si se mueren esos valores, se muere un poco el futuro, y se muere la esperanza de forjar una Argentina unida, una Patria de hermanos\u201d.<\/p>\n<p>Y sigui\u00f3: \u201cHemos pasado todos los l\u00edmites, la descalificaci\u00f3n, la agresi\u00f3n constante, el destrato, la difamaci\u00f3n, parecen moneda corriente\u201d y record\u00f3 palabras recientes del papa Le\u00f3n XIV a los representantes de los medios de comunicaci\u00f3n a quienes les pidi\u00f3 decir \u201cno a la guerra de las palabras y de las im\u00e1genes\u201d.<\/p>\n<p>CRISTINA FERN\u00c1NDEZ<\/p>\n<p>La expresidenta y titular del Partido Justicialista (PJ) encabez\u00f3 el \u201cEncuentro de la Cultura Popular\u201d, un evento del Instituto Patria que se realiz\u00f3 en el Polo Cultural y Deportivo Sald\u00edas, lindero a Barrio Parque y a la Villa 31, para conmemorar el nuevo aniversario de la Revoluci\u00f3n de Mayo y el inicio del mandato de N\u00e9stor Kirchner, en 2003.<\/p>\n<p><strong>Algunas de sus frases:<\/strong><\/p>\n<p>\u00abTodo lo que hacen no es nuevo, este modelo ya viene desde la dictadura, ya fracas\u00f3 y va a volver a fracasar\u00bb. \u00abDe seguir este endeudamiento, el d\u00e9cimo default no es una fantas\u00eda demasiado lejana\u00bb.<\/p>\n<p>\u00abEn los barrios populares en los que Milei hab\u00eda ganado en primera vuelta en 2023, ahora perdi\u00f3. Porque es el lugar en donde primero impacta la crisis, se termina la changa y no se puede contratar a la ni\u00f1era ni al jardinero ni nada. Y eso va a seguir. Este modelo le sirve solo al 30% de la poblaci\u00f3n, el otro 70% queda fuera\u201d.<\/p>\n<p>En lo que pareci\u00f3 un mensaje a la interna peronista con el gobernador bonaerense, Axel Kicillof, convoc\u00f3 a \u00abdejar de ser militantes electorales para volver a ser militantes pol\u00edticos\u00bb y abandonar las \u00abmezquindades y los egos que tanto da\u00f1o han hecho y han provocado fragmentaci\u00f3n in\u00fatil\u00bb.<\/p>\n<p>\u00abPareciera que aquellos que apostaron por Javier Milei tampoco quieren volver con nosotros, y tenemos que preguntarnos el por qu\u00e9\u00bb.<\/p>\n<p>Adem\u00e1s, expuso una pista de c\u00f3mo imagina un futuro proyecto de este espacio pol\u00edtico, \u00abseguir hablando del Estado presente significa no estar acorde con lo que pasa hoy en la sociedad, tenemos que ver c\u00f3mo logramos un Estado eficiente\u00bb, defini\u00f3.<\/p>\n<p>AXEL KICILLOF<\/p>\n<p>El gobernador de la provincia de Buenos Aires encabez\u00f3 el acto de inauguraci\u00f3n del viaducto \u00abPapa Francisco\u00bb en la rotonda Los Pinos de la Ruta Provincial N\u00b04, en el municipio de Almirante Brown.<\/p>\n<p><strong>Algunos comentarios:<\/strong><\/p>\n<p>\u201cNo estamos ac\u00e1 para hablar de teor\u00edas econ\u00f3micas complicadas, sino para mostrar hechos bien concretos: este viaducto que inauguramos va a transformar la vida cotidiana de miles de vecinos y vecinas\u201d. \u201cNo tenemos otro jefe ni otro due\u00f1o de nuestras acciones, no escuchamos lo que nos dictan multimillonarios ni presidentes extranjeros, aqu\u00ed el \u00fanico que decide es el pueblo de la provincia\u201d.<\/p>\n<p>Un d\u00eda despu\u00e9s, el lunes avanz\u00f3 con un fuerte descargo por las cr\u00edticas que recibe su gesti\u00f3n por la inseguridad. \u201cA partir de ahora, el que diga que la provincia de Buenos Aires es un ba\u00f1o de sangre va a tener que ir a hablar con Bullrich. Yo no voy a dejar pasar m\u00e1s que digan que la provincia es un ba\u00f1o de sangre. Es una maniobra espantosa\u201d.<\/p>\n<p>Kicillof dijo que su comentario es preventivo porque sospecha que La Libertad Avanza va a utilizar la inseguridad para criticar a su gesti\u00f3n durante la campa\u00f1a electoral que se avecina. Los bonaerenses votar\u00e1n legisladores locales el 7 de septiembre. Y en octubre habr\u00e1 elecciones nacionales.<\/p>\n","protected":false},"excerpt":{"rendered":"<p>El domingo 25 de mayo fue m\u00e1s que una fecha patria. Hubo varios eventos que dieron indicios del mapa pol\u00edtico actual, con mensajes simb\u00f3licos y otros, muy directos. El presidente Javier Milei encabez\u00f3 el tradicional Tedeum, en la Catedral Metropolitana; all\u00ed no pas\u00f3 de largo que no llevaba puesta la escarapela y contrast\u00f3 con el [&hellip;]<\/p>\n","protected":false},"author":1,"featured_media":24008,"comment_status":"closed","ping_status":"closed","sticky":false,"template":"","format":"standard","meta":{"footnotes":""},"categories":[30,48,31],"tags":[83,88,255,133],"class_list":{"0":"post-24002","1":"post","2":"type-post","3":"status-publish","4":"format-standard","5":"has-post-thumbnail","7":"category-nacion","8":"category-politica-argentina","9":"category-provincia","10":"tag-axel-kicillof","11":"tag-cristina-fernandez","12":"tag-javier-milei","13":"tag-mauricio-macri"},"aioseo_notices":[],"_links":{"self":[{"href":"https:\/\/guiadenoticias.com.ar\/diario\/wp-json\/wp\/v2\/posts\/24002","targetHints":{"allow":["GET"]}}],"collection":[{"href":"https:\/\/guiadenoticias.com.ar\/diario\/wp-json\/wp\/v2\/posts"}],"about":[{"href":"https:\/\/guiadenoticias.com.ar\/diario\/wp-json\/wp\/v2\/types\/post"}],"author":[{"embeddable":true,"href":"https:\/\/guiadenoticias.com.ar\/diario\/wp-json\/wp\/v2\/users\/1"}],"replies":[{"embeddable":true,"href":"https:\/\/guiadenoticias.com.ar\/diario\/wp-json\/wp\/v2\/comments?post=24002"}],"version-history":[{"count":1,"href":"https:\/\/guiadenoticias.com.ar\/diario\/wp-json\/wp\/v2\/posts\/24002\/revisions"}],"predecessor-version":[{"id":24004,"href":"https:\/\/guiadenoticias.com.ar\/diario\/wp-json\/wp\/v2\/posts\/24002\/revisions\/24004"}],"wp:featuredmedia":[{"embeddable":true,"href":"https:\/\/guiadenoticias.com.ar\/diario\/wp-json\/wp\/v2\/media\/24008"}],"wp:attachment":[{"href":"https:\/\/guiadenoticias.com.ar\/diario\/wp-json\/wp\/v2\/media?parent=24002"}],"wp:term":[{"taxonomy":"category","embeddable":true,"href":"https:\/\/guiadenoticias.com.ar\/diario\/wp-json\/wp\/v2\/categories?post=24002"},{"taxonomy":"post_tag","embeddable":true,"href":"https:\/\/guiadenoticias.com.ar\/diario\/wp-json\/wp\/v2\/tags?post=24002"}],"curies":[{"name":"wp","href":"https:\/\/api.w.org\/{rel}","templated":true}]}}