{"id":24023,"date":"2025-05-09T20:00:21","date_gmt":"2025-05-09T23:00:21","guid":{"rendered":"https:\/\/guiadenoticias.com.ar\/diario\/?p=24023"},"modified":"2025-06-02T00:49:03","modified_gmt":"2025-06-02T03:49:03","slug":"san-martin-sede-del-congreso-por-los-derechos-de-infancias-y-adolescencias","status":"publish","type":"post","link":"https:\/\/guiadenoticias.com.ar\/diario\/san-martin-sede-del-congreso-por-los-derechos-de-infancias-y-adolescencias\/","title":{"rendered":"San Mart\u00edn, sede del Congreso por los Derechos de Infancias y Adolescencias"},"content":{"rendered":"<p>Con la apertura del intendente de San Mart\u00edn, Fernando Moreira, el ministro de Desarrollo de la Comunidad de la Provincia, Andr\u00e9s Larroque, y representantes de la Red Provincial, se llev\u00f3 adelante el Primer Congreso Provincial por los derechos de Infancias y Adolescencias.<\/p>\n<p>Este evento recibi\u00f3 en el Complejo Cultural Plaza y otras siete sedes cercanas a profesionales, equipos t\u00e9cnicos, organizaciones sociales, universidades, estudiantes y p\u00fablico en general.<\/p>\n<p>El jefe comunal destac\u00f3, \u201cla enorme participaci\u00f3n y diversidad que tuvo esta convocatoria demuestra que hay un mayor compromiso con las pol\u00edticas de infancias, que est\u00e1n fortalecidas por el trabajo en red entre los municipios y con la Provincia\u201d.<\/p>\n<p>Y agreg\u00f3 una lectura pol\u00edtica: <strong>\u201cHoy es m\u00e1s importante que nunca compartir estos encuentros, porque el gobierno nacional est\u00e1 totalmente ausente y la situaci\u00f3n econ\u00f3mica agrava los problemas que enfrentamos juntos\u201d.<\/strong><\/p>\n<p>A trav\u00e9s de un documento, la Red Provincial plante\u00f3 que dicho congreso tuvo el objetivo de \u201creflexionar, pensar, compartir y proponer de manera colectiva, para poner en el centro de la agenda las pol\u00edticas de infancias y adolescencias\u201d.<\/p>\n<p>Tambi\u00e9n estuvieron presentes el ministro de Infraestructura y Servicios P\u00fablicos de la Provincia, Gabriel Katopodis; la diputada nacional Victoria Tolosa Paz; los intendentes Mariano Cascallares, de Almirante Brown; Jorge Ferraresi, de Avellaneda; Fabi\u00e1n Cagliardi, de Berisso; Federico Ach\u00e1val, de Pilar; Miguel \u00c1ngel Gesualdi, de San Andr\u00e9s de Giles; la defensora de los Derechos de Ni\u00f1as, Ni\u00f1os y Adolescentes de la Naci\u00f3n, Marisa Graham; la defensora por los Derechos de Ni\u00f1os, Ni\u00f1as y Adolescentes de de C\u00f3rdoba, Amelia L\u00f3pez; la directora del Organismo Provincial de Ni\u00f1ez y Adolescencia, Andrea C\u00e1ceres; y Hern\u00e1n Monath, de Unicef Argentina.<\/p>\n<p><strong>A 20 a\u00f1os de la Ley 26.061 de Protecci\u00f3n Integral de los Derechos de Ni\u00f1as, Ni\u00f1os y Adolescentes, el encuentro busc\u00f3 reflexionar, repensar y proponer pol\u00edticas p\u00fablicas que promuevan mejores condiciones de desarrollo y crianza.<\/strong><\/p>\n<p>Durante toda la jornada se desarrollaron 15 mesas con 150 ponencias organizadas en cuatro ejes tem\u00e1ticos: Estado y pol\u00edticas sociales infanto-adolescentes; Adolescencias en Agenda; Infancias 360\u00b0; Identidad y tecnolog\u00eda 4.0.<\/p>\n","protected":false},"excerpt":{"rendered":"<p>Con la apertura del intendente de San Mart\u00edn, Fernando Moreira, el ministro de Desarrollo de la Comunidad de la Provincia, Andr\u00e9s Larroque, y representantes de la Red Provincial, se llev\u00f3 adelante el Primer Congreso Provincial por los derechos de Infancias y Adolescencias. Este evento recibi\u00f3 en el Complejo Cultural Plaza y otras siete sedes cercanas [&hellip;]<\/p>\n","protected":false},"author":1,"featured_media":24024,"comment_status":"closed","ping_status":"closed","sticky":false,"template":"","format":"standard","meta":{"footnotes":""},"categories":[20,24],"tags":[83,74,233],"class_list":{"0":"post-24023","1":"post","2":"type-post","3":"status-publish","4":"format-standard","5":"has-post-thumbnail","7":"category-municipios","8":"category-san-martin","9":"tag-axel-kicillof","10":"tag-fernando-moreira","11":"tag-infancia"},"aioseo_notices":[],"_links":{"self":[{"href":"https:\/\/guiadenoticias.com.ar\/diario\/wp-json\/wp\/v2\/posts\/24023","targetHints":{"allow":["GET"]}}],"collection":[{"href":"https:\/\/guiadenoticias.com.ar\/diario\/wp-json\/wp\/v2\/posts"}],"about":[{"href":"https:\/\/guiadenoticias.com.ar\/diario\/wp-json\/wp\/v2\/types\/post"}],"author":[{"embeddable":true,"href":"https:\/\/guiadenoticias.com.ar\/diario\/wp-json\/wp\/v2\/users\/1"}],"replies":[{"embeddable":true,"href":"https:\/\/guiadenoticias.com.ar\/diario\/wp-json\/wp\/v2\/comments?post=24023"}],"version-history":[{"count":1,"href":"https:\/\/guiadenoticias.com.ar\/diario\/wp-json\/wp\/v2\/posts\/24023\/revisions"}],"predecessor-version":[{"id":24026,"href":"https:\/\/guiadenoticias.com.ar\/diario\/wp-json\/wp\/v2\/posts\/24023\/revisions\/24026"}],"wp:featuredmedia":[{"embeddable":true,"href":"https:\/\/guiadenoticias.com.ar\/diario\/wp-json\/wp\/v2\/media\/24024"}],"wp:attachment":[{"href":"https:\/\/guiadenoticias.com.ar\/diario\/wp-json\/wp\/v2\/media?parent=24023"}],"wp:term":[{"taxonomy":"category","embeddable":true,"href":"https:\/\/guiadenoticias.com.ar\/diario\/wp-json\/wp\/v2\/categories?post=24023"},{"taxonomy":"post_tag","embeddable":true,"href":"https:\/\/guiadenoticias.com.ar\/diario\/wp-json\/wp\/v2\/tags?post=24023"}],"curies":[{"name":"wp","href":"https:\/\/api.w.org\/{rel}","templated":true}]}}