{"id":24139,"date":"2025-06-18T17:00:06","date_gmt":"2025-06-18T20:00:06","guid":{"rendered":"https:\/\/guiadenoticias.com.ar\/diario\/?p=24139"},"modified":"2025-06-30T00:33:41","modified_gmt":"2025-06-30T03:33:41","slug":"actividad-entre-municipio-y-provincia-por-el-dia-de-la-seguridad-vial","status":"publish","type":"post","link":"https:\/\/guiadenoticias.com.ar\/diario\/actividad-entre-municipio-y-provincia-por-el-dia-de-la-seguridad-vial\/","title":{"rendered":"Acciones entre Municipio y Provincia por el D\u00eda de la Seguridad Vial"},"content":{"rendered":"<p>En el marco del D\u00eda de la Seguridad Vial, el intendente de Mor\u00f3n, Lucas Ghi, y el ministro de Transporte de Buenos Aires, Mart\u00edn Marinucci, encabezaron una jornada enfocada en la promoci\u00f3n de una movilidad segura y accesible. El acto tuvo lugar en el polideportivo Gorki Grana de Castelar.<\/p>\n<p>Como parte de la campa\u00f1a provincial \u201cSiempre Casco\u201d, se entregaron cascos a trabajadores de reparto de plataformas digitales, para prevenir siniestros viales. En otro orden, la autoridades tambi\u00e9n entregaron bicicletas a trabajadores ciclistas, en el marco del programa de Ecomovilidad, que promueve el uso de transportes sustentables para cuidar el ambiente y fomentar h\u00e1bitos saludables.<\/p>\n<p>Durante el acto, Ghi expres\u00f3: \u201cLa siniestralidad deja cada a\u00f1o muchas v\u00edctimas, lo que ubica a la Argentina en una situaci\u00f3n muy delicada. Muchas familias sufren por esta circunstancia\u201d.<\/p>\n<p>Por su parte, Marinucci sostuvo, \u201choy entregamos Pases Libres Multimodales, un derecho que garantiza el uso del transporte p\u00fablico sin costo a personas con discapacidad, trasplantadas o en lista de espera. Tambi\u00e9n acercamos dos pol\u00edticas p\u00fablicas importantes, Siempre Casco y el programa de Ecomovilidad\u201d.<\/p>\n<p>Durante la jornada se brind\u00f3 una capacitaci\u00f3n sobre seguridad vial, instalaron simuladores y se realizaron actividades interactivas de concientizaci\u00f3n para las y los trabajadores presentes.<\/p>\n","protected":false},"excerpt":{"rendered":"<p>En el marco del D\u00eda de la Seguridad Vial, el intendente de Mor\u00f3n, Lucas Ghi, y el ministro de Transporte de Buenos Aires, Mart\u00edn Marinucci, encabezaron una jornada enfocada en la promoci\u00f3n de una movilidad segura y accesible. El acto tuvo lugar en el polideportivo Gorki Grana de Castelar. Como parte de la campa\u00f1a provincial [&hellip;]<\/p>\n","protected":false},"author":1,"featured_media":24140,"comment_status":"closed","ping_status":"closed","sticky":false,"template":"","format":"standard","meta":{"footnotes":""},"categories":[28,20],"tags":[83,227,73],"class_list":{"0":"post-24139","1":"post","2":"type-post","3":"status-publish","4":"format-standard","5":"has-post-thumbnail","7":"category-moron","8":"category-municipios","9":"tag-axel-kicillof","10":"tag-gestion","11":"tag-lucas-ghi"},"aioseo_notices":[],"_links":{"self":[{"href":"https:\/\/guiadenoticias.com.ar\/diario\/wp-json\/wp\/v2\/posts\/24139","targetHints":{"allow":["GET"]}}],"collection":[{"href":"https:\/\/guiadenoticias.com.ar\/diario\/wp-json\/wp\/v2\/posts"}],"about":[{"href":"https:\/\/guiadenoticias.com.ar\/diario\/wp-json\/wp\/v2\/types\/post"}],"author":[{"embeddable":true,"href":"https:\/\/guiadenoticias.com.ar\/diario\/wp-json\/wp\/v2\/users\/1"}],"replies":[{"embeddable":true,"href":"https:\/\/guiadenoticias.com.ar\/diario\/wp-json\/wp\/v2\/comments?post=24139"}],"version-history":[{"count":2,"href":"https:\/\/guiadenoticias.com.ar\/diario\/wp-json\/wp\/v2\/posts\/24139\/revisions"}],"predecessor-version":[{"id":24145,"href":"https:\/\/guiadenoticias.com.ar\/diario\/wp-json\/wp\/v2\/posts\/24139\/revisions\/24145"}],"wp:featuredmedia":[{"embeddable":true,"href":"https:\/\/guiadenoticias.com.ar\/diario\/wp-json\/wp\/v2\/media\/24140"}],"wp:attachment":[{"href":"https:\/\/guiadenoticias.com.ar\/diario\/wp-json\/wp\/v2\/media?parent=24139"}],"wp:term":[{"taxonomy":"category","embeddable":true,"href":"https:\/\/guiadenoticias.com.ar\/diario\/wp-json\/wp\/v2\/categories?post=24139"},{"taxonomy":"post_tag","embeddable":true,"href":"https:\/\/guiadenoticias.com.ar\/diario\/wp-json\/wp\/v2\/tags?post=24139"}],"curies":[{"name":"wp","href":"https:\/\/api.w.org\/{rel}","templated":true}]}}