{"id":24167,"date":"2025-06-30T12:00:03","date_gmt":"2025-06-30T15:00:03","guid":{"rendered":"https:\/\/guiadenoticias.com.ar\/diario\/?p=24167"},"modified":"2025-07-15T03:50:46","modified_gmt":"2025-07-15T06:50:46","slug":"lanzamiento-de-la-mesa-politica-mdf-moron","status":"publish","type":"post","link":"https:\/\/guiadenoticias.com.ar\/diario\/lanzamiento-de-la-mesa-politica-mdf-moron\/","title":{"rendered":"Lanzamiento de la mesa pol\u00edtica MDF Mor\u00f3n"},"content":{"rendered":"<p>En el lanzamiento de la Mesa Movimiento Derecho al Futuro (MDF) Mor\u00f3n acompa\u00f1aron al intendente Lucas Ghi organizaciones pol\u00edticas, sindicales, sociales y culturales, m\u00e1s representantes de la CGT local. En ese marco, <strong>Ghi afirm\u00f3 que Axel Kicillof expresa un \u00abproyecto colectivo\u00bb que pretende ganar las elecciones en septiembre, octubre y, posteriormente, en 2027.<\/strong><\/p>\n<p>El intendente afirm\u00f3 que \u00abnunca se plante\u00f3 un escenario tan contrastante\u00bb con el gobierno de Milei y diferenci\u00f3 que \u00abafortunadamente\u00bb el gobernador bonaerense encarna un \u00abproyecto colectivo\u00bb. Se\u00f1al\u00f3 que \u00abtenemos en Axel un compa\u00f1ero que resume una cantidad de atributos que creo que la hora exige y que tiene que ver con trayectoria, con coherencia, con su capacidad de liderazgo, con su contracci\u00f3n al trabajo y con una honestidad a prueba de cargos muy sensibles\u00bb.<\/p>\n<p>En su discurso dijo tambi\u00e9n, \u00abpara el MDF el rol de Axel es absolutamente decisivo y su liderazgo ya trasciende la mera condici\u00f3n de gobernador y estamos pensando en fortalecer a un l\u00edder, a un dirigente que est\u00e1 constituido como la mejor contracara del proyecto mileista\u00bb.<\/p>\n<p><strong>Ghi lanz\u00f3 un mensaje en varias direcciones: \u201cNo nos moviliza el hecho berreta de disputar un concejal, sino que entendemos que estamos llamados a jugar un rol en la historia contra un proyecto pol\u00edtico que hoy expresa Milei<\/strong> y que tal vez es la manifestaci\u00f3n local de un fen\u00f3meno a escala planetaria que viene a reconfigurar la sociedad tal como la conocimos y a imponer valores que nos parecen absolutamente reprobables y despreciables\u00bb.<\/p>\n<p>Adem\u00e1s, indic\u00f3 que el MDF es el espacio que \u00abtiene identidad propia y vocaci\u00f3n de seguir siendo la mejor opci\u00f3n pol\u00edtica, econ\u00f3mica, social y cultural para los moronenses\u201d, con un desaf\u00edo electoral en ciernes.<\/p>\n<p>El jefe Comunal advirti\u00f3 que en el contexto de agravios y descalificaciones por parte del Ejecutivo nacional \u00abtenemos que convertirnos en un instrumento para interpretar y canalizar esa frustraci\u00f3n, y expresarla electoralmente para clarificar un rumbo a nivel provincial y a nivel local\u00bb.<\/p>\n<p>Agreg\u00f3 que \u201clos desaf\u00edos que se vienen son defender la herramienta que tenemos sin dejar de reconocer las discusiones que hoy atraviesan al espacio, que son de p\u00fablico conocimiento, y nos parece importante que cada uno pueda expresar su posici\u00f3n\u00bb.<\/p>\n<p>En paralelo, Ghi plante\u00f3 que <strong>\u00abhay premisas que son importantes y que, como plantea Axel, vamos a poner nuestros esfuerzos y la vocaci\u00f3n para construir una lista de unidad\u201d.<\/strong><\/p>\n","protected":false},"excerpt":{"rendered":"<p>En el lanzamiento de la Mesa Movimiento Derecho al Futuro (MDF) Mor\u00f3n acompa\u00f1aron al intendente Lucas Ghi organizaciones pol\u00edticas, sindicales, sociales y culturales, m\u00e1s representantes de la CGT local. En ese marco, Ghi afirm\u00f3 que Axel Kicillof expresa un \u00abproyecto colectivo\u00bb que pretende ganar las elecciones en septiembre, octubre y, posteriormente, en 2027. El intendente [&hellip;]<\/p>\n","protected":false},"author":1,"featured_media":24168,"comment_status":"closed","ping_status":"closed","sticky":false,"template":"","format":"standard","meta":{"footnotes":""},"categories":[28,20,48],"tags":[83,285,73],"class_list":{"0":"post-24167","1":"post","2":"type-post","3":"status-publish","4":"format-standard","5":"has-post-thumbnail","7":"category-moron","8":"category-municipios","9":"category-politica-argentina","10":"tag-axel-kicillof","11":"tag-elecciones-2025","12":"tag-lucas-ghi"},"aioseo_notices":[],"_links":{"self":[{"href":"https:\/\/guiadenoticias.com.ar\/diario\/wp-json\/wp\/v2\/posts\/24167","targetHints":{"allow":["GET"]}}],"collection":[{"href":"https:\/\/guiadenoticias.com.ar\/diario\/wp-json\/wp\/v2\/posts"}],"about":[{"href":"https:\/\/guiadenoticias.com.ar\/diario\/wp-json\/wp\/v2\/types\/post"}],"author":[{"embeddable":true,"href":"https:\/\/guiadenoticias.com.ar\/diario\/wp-json\/wp\/v2\/users\/1"}],"replies":[{"embeddable":true,"href":"https:\/\/guiadenoticias.com.ar\/diario\/wp-json\/wp\/v2\/comments?post=24167"}],"version-history":[{"count":1,"href":"https:\/\/guiadenoticias.com.ar\/diario\/wp-json\/wp\/v2\/posts\/24167\/revisions"}],"predecessor-version":[{"id":24170,"href":"https:\/\/guiadenoticias.com.ar\/diario\/wp-json\/wp\/v2\/posts\/24167\/revisions\/24170"}],"wp:featuredmedia":[{"embeddable":true,"href":"https:\/\/guiadenoticias.com.ar\/diario\/wp-json\/wp\/v2\/media\/24168"}],"wp:attachment":[{"href":"https:\/\/guiadenoticias.com.ar\/diario\/wp-json\/wp\/v2\/media?parent=24167"}],"wp:term":[{"taxonomy":"category","embeddable":true,"href":"https:\/\/guiadenoticias.com.ar\/diario\/wp-json\/wp\/v2\/categories?post=24167"},{"taxonomy":"post_tag","embeddable":true,"href":"https:\/\/guiadenoticias.com.ar\/diario\/wp-json\/wp\/v2\/tags?post=24167"}],"curies":[{"name":"wp","href":"https:\/\/api.w.org\/{rel}","templated":true}]}}