{"id":24187,"date":"2025-07-21T20:00:09","date_gmt":"2025-07-21T23:00:09","guid":{"rendered":"https:\/\/guiadenoticias.com.ar\/diario\/?p=24187"},"modified":"2025-07-31T03:35:44","modified_gmt":"2025-07-31T06:35:44","slug":"candidaturas-bonaerenses-comienza-el-juego-de-tronos","status":"publish","type":"post","link":"https:\/\/guiadenoticias.com.ar\/diario\/candidaturas-bonaerenses-comienza-el-juego-de-tronos\/","title":{"rendered":"Candidaturas bonaerenses: comienza el juego de tronos"},"content":{"rendered":"<p>Por Elisa Rossi<\/p>\n<p>Avanzan a toda m\u00e1quina los tiempos electorales en la provincia de Buenos Aires. Ya est\u00e1n ante las y los bonaerenses las candidaturas legislativas, tras un cierre de listas que tuvo m\u00e1s embrollos que los habituales. Suspendidas las PASO y con circunstancias in\u00e9ditas como la detenci\u00f3n de Cristina Fern\u00e1ndez, por un lado se diversific\u00f3 el \u201cfamoso\u201d manejo de la lapicera en el armado K; por el otro, Karina Milei &#8211; siempre rodeada por los Menem &#8211; centraliz\u00f3 todo el poder. Una tercera v\u00eda, esa avenida del medio, pide pista y procura romper la grieta, aunque sea con un rasp\u00f3n.<\/p>\n<p>Como dato que refleja la crisis de conducci\u00f3n y liderazgo en Fuerza Patria alcanza con registrar para la historia del espacio panperonista el oportuno y curioso corte de electricidad en La Plata, que otorg\u00f3 un tiempo extra hasta este lunes al mediod\u00eda para acercar posiciones entre Axel Kicillof, M\u00e1ximo Kirchner y Sergio Massa.<\/p>\n<p><strong>Un repaso r\u00e1pido. Este a\u00f1o es la primera vez que la elecci\u00f3n provincial se adelanta (desdobla) a la nacional. La fecha es el 7 de septiembre. La Provincia, que tiene 135 distritos, est\u00e1 dividida en ocho secciones electorales, siendo las m\u00e1s pobladas la Primera y la Tercera. En total hay alrededor de 14 millones de personas en el padr\u00f3n electoral.<\/strong><\/p>\n<p><strong>Se votan, seg\u00fan la secci\u00f3n que corresponda, 46 diputados y 23 senadores. Hay en juego m\u00e1s de mil concejal\u00edas y 400 consejeras y consejeros escolares. El sistema de votaci\u00f3n es el habitual: en el cuarto oscuro habr\u00e1 varias boletas, con dos cuerpos, el provincial y el municipal; en algunos distritos, incluso, boletas cortas, o sea s\u00f3lo locales.<\/strong><\/p>\n<p>Por tomar \u00fanicamente las dos secciones con mayor cantidad de votantes y, por lo tanto, gravitantes en el resultado general, es evidente que las negociaciones fueron enganchadas con los comicios nacionales. Para conocer el resto del juego hay que esperar a ese cierre de listas, a mediados de agosto.<\/p>\n<p><strong>Punteo de los primeros cuatro casilleros de la Primera Secci\u00f3n que abarca las zonas norte y oeste del GBA, donde se eligen 8 senadores y senadoras:<\/strong><br \/>\nFrente La Libertad Avanza: Diego Valenzuela (intendente de Tres de Febrero que tiene l\u00ednea directa con el Presidente), Mar\u00eda Luz Bambaci, Luciano Olivera y Marisa Pirillo.<\/p>\n<p>Fuerza Patria: Gabriel Katopodis (dirigente de San Mart\u00edn), Malena Galmarini (Frente Renovador), Mario Ishii (s\u00ed, el hombre del poncho) y M\u00f3nica Macha (diputada de Nuevo Encuentro, con terminal en Mor\u00f3n).<\/p>\n<p><strong>Punteo de la Tercera, que es la zona sur del Conurbano, donde eligen 18 diputados y diputadas:<\/strong><br \/>\nFuerza Patria: encabeza la vice gobernadora Ver\u00f3nica Magario, dirigente de La Matanza; Facundo Tignanelli, alfil de M\u00e1ximo Kirchner, la intendenta de Quilmes, la camporista pura cepa Mayra Mendoza; y Mariano Cascallares, jefe comunal de Almirante Brown. Est\u00e1 claro que ponen toda la carne al asador.<\/p>\n<p>En la vereda de enfrente de la polarizaci\u00f3n, el Frente LLA divide la n\u00f3mina entre sorpresas y nombres con relativo peso propio &#8211; el peso est\u00e1 en el sello &#8211; . Encabeza el ex polic\u00eda (pidi\u00f3 la baja este a\u00f1o) y armador en Florencio Varela, Maximiliano Bondarenko. Dicen que esa es la se\u00f1al que la seguridad ser\u00e1 uno de los temas elegidos para la campa\u00f1a. Tambi\u00e9n van en esta lista Mar\u00eda Sotolano, Luis Ontiveros, Florencia Retamoso y Nahuel Sotelo, el secretario de Culto, uno de los pocos de \u201cLas Fuerzas del Cielo\u201d que tuvo un lugar en las n\u00f3minas. Total misterio qu\u00e9 har\u00e1 de ac\u00e1 en adelante Santiago Caputo, corrido de escena por Karina Milei (los Menem).<\/p>\n<p>Adem\u00e1s, los representantes de Somos Buenos Aires tratar\u00e1n de quedarse con el voto de centro. En ese espacio hay nombres como el del intendente de Tigre, Julio Zamora (ex kirchnerista), jefes comunales radicales, macristas espantados de LLA y lilitos.<\/p>\n<p>Apostillas: qu\u00e9 ser\u00e1 del PRO y del radicalismo despu\u00e9s de diciembre desaf\u00eda hoy a cualquier mente. Y volvieron las testimoniales.<\/p>\n","protected":false},"excerpt":{"rendered":"<p>Por Elisa Rossi Avanzan a toda m\u00e1quina los tiempos electorales en la provincia de Buenos Aires. Ya est\u00e1n ante las y los bonaerenses las candidaturas legislativas, tras un cierre de listas que tuvo m\u00e1s embrollos que los habituales. Suspendidas las PASO y con circunstancias in\u00e9ditas como la detenci\u00f3n de Cristina Fern\u00e1ndez, por un lado se [&hellip;]<\/p>\n","protected":false},"author":1,"featured_media":24188,"comment_status":"closed","ping_status":"closed","sticky":false,"template":"","format":"standard","meta":{"footnotes":""},"categories":[70,20,48,31],"tags":[83,285,293,261],"class_list":{"0":"post-24187","1":"post","2":"type-post","3":"status-publish","4":"format-standard","5":"has-post-thumbnail","7":"category-las-mas-leidas","8":"category-municipios","9":"category-politica-argentina","10":"category-provincia","11":"tag-axel-kicillof","12":"tag-elecciones-2025","13":"tag-fuerza-patria","14":"tag-la-libertad-avanza"},"aioseo_notices":[],"_links":{"self":[{"href":"https:\/\/guiadenoticias.com.ar\/diario\/wp-json\/wp\/v2\/posts\/24187","targetHints":{"allow":["GET"]}}],"collection":[{"href":"https:\/\/guiadenoticias.com.ar\/diario\/wp-json\/wp\/v2\/posts"}],"about":[{"href":"https:\/\/guiadenoticias.com.ar\/diario\/wp-json\/wp\/v2\/types\/post"}],"author":[{"embeddable":true,"href":"https:\/\/guiadenoticias.com.ar\/diario\/wp-json\/wp\/v2\/users\/1"}],"replies":[{"embeddable":true,"href":"https:\/\/guiadenoticias.com.ar\/diario\/wp-json\/wp\/v2\/comments?post=24187"}],"version-history":[{"count":5,"href":"https:\/\/guiadenoticias.com.ar\/diario\/wp-json\/wp\/v2\/posts\/24187\/revisions"}],"predecessor-version":[{"id":24199,"href":"https:\/\/guiadenoticias.com.ar\/diario\/wp-json\/wp\/v2\/posts\/24187\/revisions\/24199"}],"wp:featuredmedia":[{"embeddable":true,"href":"https:\/\/guiadenoticias.com.ar\/diario\/wp-json\/wp\/v2\/media\/24188"}],"wp:attachment":[{"href":"https:\/\/guiadenoticias.com.ar\/diario\/wp-json\/wp\/v2\/media?parent=24187"}],"wp:term":[{"taxonomy":"category","embeddable":true,"href":"https:\/\/guiadenoticias.com.ar\/diario\/wp-json\/wp\/v2\/categories?post=24187"},{"taxonomy":"post_tag","embeddable":true,"href":"https:\/\/guiadenoticias.com.ar\/diario\/wp-json\/wp\/v2\/tags?post=24187"}],"curies":[{"name":"wp","href":"https:\/\/api.w.org\/{rel}","templated":true}]}}