{"id":2421,"date":"2016-05-28T01:47:27","date_gmt":"2016-05-28T04:47:27","guid":{"rendered":"http:\/\/guiadenoticias.com.ar\/diario\/?p=2421"},"modified":"2016-05-28T01:47:50","modified_gmt":"2016-05-28T04:47:50","slug":"macri-apuesta-al-cambio-de-humor-social-con-los-jubilados","status":"publish","type":"post","link":"https:\/\/guiadenoticias.com.ar\/diario\/macri-apuesta-al-cambio-de-humor-social-con-los-jubilados\/","title":{"rendered":"Macri apuesta al cambio de humor social con los jubilados"},"content":{"rendered":"<p>El presidente Mauricio Macri anunci\u00f3 el pago de todas las jubilaciones y pensiones ajustadas por los fallos \u00abBadaro y Elliff\u00bb, el env\u00edo de una ley para cancelar las deudas por los juicios previsionales con sentencia firme y en tr\u00e1mite y el lanzamiento de una Pensi\u00f3n Universal a la Vejez para los que nunca aportaron; tambi\u00e9n la apertura de otro blanqueo de capitales no declarados de argentinos en el exterior.<\/p>\n<p>\u00abEnviamos una ley que busca resolver todas las situaciones\u00bb, dijo el mandatario al inicio del discurso en un centro cultural del barrio de San Crist\u00f3bal. \u00abEn primer lugar a aquellos que hoy no cobran lo que corresponde, que se ajusten los haberes, y que a partir de que se apruebe la ley empiecen a cobrar lo que les correspond\u00eda est\u00e9n o no est\u00e9n en tr\u00e1mite judicial. Y a aquellos que est\u00e1n en tr\u00e1mite judicial, tengan o no sentencia firme, que cobren su retroactivo y cobre su plata\u00bb, se\u00f1al\u00f3. Pero, adem\u00e1s, mencion\u00f3 que a partir de la sanci\u00f3n de la norma los nuevos jubilados y pensionados \u00abcobrar\u00e1n lo que les corresponde desde el primer d\u00eda\u00bb.<\/p>\n<p>Macri tambi\u00e9n anunci\u00f3 el lanzamiento de una Pensi\u00f3n Universal a la Vejez, que ser\u00e1 del 80% de la m\u00ednima, o sea, 3.967 pesos a valores de hoy. \u00abTodos, a\u00fan aquellos que llegan a los 65 a\u00f1os y no se pueden jubilar, tendr\u00e1n derecho a una prensi\u00f3n. Es absolutamente justo y lo anunciamos en la campa\u00f1a\u00bb, anticip\u00f3.<\/p>\n<p>Seg\u00fan aclar\u00f3 luego el titular de la Anses, Emilio Basavilvaso, estas medidas benefician a unos 2,5 millones de jubilados, a los que se les recompone el haber y se les empieza a \u00abpagar bien\u00bb; a los que hicieron juicio y tienen sentencia se les pagar\u00e1 el retroactivo total fijado, y a los que est\u00e1n en juicio se les paga retroactivo de hasta 48 meses. \u00abLa implementaci\u00f3n de la medida presenta una importante complejidad y requiere paciencia de parte de la poblaci\u00f3n alcanzada dado que, aproximadamente, el 50% de potenciales beneficiados requiere de la revisi\u00f3n del expediente jubilatorio original\u00bb, advirti\u00f3 el organismo en un comunicado oficial.<\/p>\n<p>Seg\u00fan se inform\u00f3 desde Anses, se pagar\u00e1 a unos 60 mil jubilados que cuentan con sentencia firme, a 380 mil que a\u00fan est\u00e1n en tr\u00e1mite y tambi\u00e9n quienes est\u00e1n en condiciones de iniciar acciones legales pero que a\u00fan no lo han hecho, unas 2 millones de personas. Se estima el gasto total en 250.000 millones. Los pagos ser\u00edan un 50% contado y el resto en 12 cuotas trimestrales.<\/p>\n<p>En este marco, el Presidente reclam\u00f3 al Congreso un \u00abdebate con seriedad y profundidad pensando en el futuro porque esto no se tiene que volver a repetir\u00bb. \u00abNecesitamos un sistema jubilatorio justo, equitativo y sustentable en el tiempo\u00bb, dijo sin dar detalles de una posible reforma del sistema actual, y exhort\u00f3 a los legisladores a \u00abempezar a debatir cosas de mediano y largo plazo, que es algo que la Argentina necesita\u00bb.<\/p>\n<p>Por otro lado, Macri confirm\u00f3 que se abrir\u00e1 un nuevo blanqueo de capitales para los dep\u00f3sitos argentinos no declarados en el exterior. \u00abPara pagar todas las deuda con los jubilados queremos cobrarle un impuesto a los que m\u00e1s tienen, a los que han evadido impuestos en los \u00faltimos a\u00f1os, que junto con los recursos del Fondo de Garant\u00eda de Sustentabilidad de la Anses, con esas dos vertientes, vamos a tener los fondos que nos permitan cumplir con las cosas que hemos dicho\u00bb, manifest\u00f3. Actualmente en el FGS hay \u00a0750.000 millones.<\/p>\n<p>De acuerdo con las cifras del INDEC, los activos de los argentinos fuera del sistema suman unos 220.000 millones. En fuentes oficiales calculan que un blanqueo exitoso rondar\u00eda los 60.000 millones de d\u00f3lares.<\/p>\n<p>\u00abNo solo son recursos para que nuestros jubilados cobren, sino para invertir y desarrollar en forma productiva a la Argentina, que es el camino a la Pobreza Cero, con creaci\u00f3n de empleo de calidad, que viene a partir de la inversi\u00f3n\u00bb, afirm\u00f3 Macri.<\/p>\n<p>\u00abNecesitamos que todos apostemos. Ya no tenemos un gobierno que viene poner palos en la rueda, que vienen a estafarnos. Tenemos un Gobierno que vienen a decirnos la verdad y a cuidar a cada uno de los argentinos\u00bb, indic\u00f3 el l\u00edder del PRO.<\/p>\n","protected":false},"excerpt":{"rendered":"<p>El presidente Mauricio Macri anunci\u00f3 el pago de todas las jubilaciones y pensiones ajustadas por los fallos \u00abBadaro y Elliff\u00bb, el env\u00edo de una ley para cancelar las deudas por los juicios previsionales con sentencia firme y en tr\u00e1mite y el lanzamiento de una Pensi\u00f3n Universal a la Vejez para los que nunca aportaron; tambi\u00e9n [&hellip;]<\/p>\n","protected":false},"author":1,"featured_media":2422,"comment_status":"closed","ping_status":"open","sticky":false,"template":"","format":"standard","meta":{"footnotes":""},"categories":[49,30,48],"tags":[],"class_list":{"0":"post-2421","1":"post","2":"type-post","3":"status-publish","4":"format-standard","5":"has-post-thumbnail","7":"category-economia-y-gremiales","8":"category-nacion","9":"category-politica-argentina"},"aioseo_notices":[],"_links":{"self":[{"href":"https:\/\/guiadenoticias.com.ar\/diario\/wp-json\/wp\/v2\/posts\/2421","targetHints":{"allow":["GET"]}}],"collection":[{"href":"https:\/\/guiadenoticias.com.ar\/diario\/wp-json\/wp\/v2\/posts"}],"about":[{"href":"https:\/\/guiadenoticias.com.ar\/diario\/wp-json\/wp\/v2\/types\/post"}],"author":[{"embeddable":true,"href":"https:\/\/guiadenoticias.com.ar\/diario\/wp-json\/wp\/v2\/users\/1"}],"replies":[{"embeddable":true,"href":"https:\/\/guiadenoticias.com.ar\/diario\/wp-json\/wp\/v2\/comments?post=2421"}],"version-history":[{"count":1,"href":"https:\/\/guiadenoticias.com.ar\/diario\/wp-json\/wp\/v2\/posts\/2421\/revisions"}],"predecessor-version":[{"id":2423,"href":"https:\/\/guiadenoticias.com.ar\/diario\/wp-json\/wp\/v2\/posts\/2421\/revisions\/2423"}],"wp:featuredmedia":[{"embeddable":true,"href":"https:\/\/guiadenoticias.com.ar\/diario\/wp-json\/wp\/v2\/media\/2422"}],"wp:attachment":[{"href":"https:\/\/guiadenoticias.com.ar\/diario\/wp-json\/wp\/v2\/media?parent=2421"}],"wp:term":[{"taxonomy":"category","embeddable":true,"href":"https:\/\/guiadenoticias.com.ar\/diario\/wp-json\/wp\/v2\/categories?post=2421"},{"taxonomy":"post_tag","embeddable":true,"href":"https:\/\/guiadenoticias.com.ar\/diario\/wp-json\/wp\/v2\/tags?post=2421"}],"curies":[{"name":"wp","href":"https:\/\/api.w.org\/{rel}","templated":true}]}}