{"id":24246,"date":"2025-07-16T13:00:22","date_gmt":"2025-07-16T16:00:22","guid":{"rendered":"https:\/\/guiadenoticias.com.ar\/diario\/?p=24246"},"modified":"2025-08-10T22:26:58","modified_gmt":"2025-08-11T01:26:58","slug":"el-municipio-realizo-el-encuentro-distrital-de-jovenes-y-memoria-2025","status":"publish","type":"post","link":"https:\/\/guiadenoticias.com.ar\/diario\/el-municipio-realizo-el-encuentro-distrital-de-jovenes-y-memoria-2025\/","title":{"rendered":"El Municipio realiz\u00f3 el encuentro distrital de J\u00f3venes y Memoria 2025"},"content":{"rendered":"<p>El Municipio de Mor\u00f3n llev\u00f3 adelante una nueva edici\u00f3n del Encuentro Distrital de J\u00f3venes y Memoria, en el predio Quinta Ser\u00e9 \u2013 Polideportivo Gorki Grana, bajo el lema \u201cConstruyendo la esperanza\u201d. M\u00e1s de 300 estudiantes de escuelas secundarias, institutos de formaci\u00f3n docente, centros de formaci\u00f3n integral y dispositivos municipales, como las Casas de Juventudes, centros socio comunitarios y la Casa de Abrigo, participaron activamente de la jornada.<\/p>\n<p>La propuesta incluy\u00f3 din\u00e1micas grupales, presentaci\u00f3n de proyectos de investigaci\u00f3n y debates en torno a derechos y espacios comunitarios. Tambi\u00e9n acompa\u00f1aron la jornada organizaciones sociales y agrupaciones culturales.<\/p>\n<p>Cabe destacar que este a\u00f1o el Estado local cumple 20 a\u00f1os de trabajo conjunto con la Comisi\u00f3n Provincial por la Memoria, impulsando pol\u00edticas p\u00fablicas que promueven la reflexi\u00f3n cr\u00edtica, la participaci\u00f3n y la construcci\u00f3n de una ciudadan\u00eda activa.<\/p>\n","protected":false},"excerpt":{"rendered":"<p>El Municipio de Mor\u00f3n llev\u00f3 adelante una nueva edici\u00f3n del Encuentro Distrital de J\u00f3venes y Memoria, en el predio Quinta Ser\u00e9 \u2013 Polideportivo Gorki Grana, bajo el lema \u201cConstruyendo la esperanza\u201d. M\u00e1s de 300 estudiantes de escuelas secundarias, institutos de formaci\u00f3n docente, centros de formaci\u00f3n integral y dispositivos municipales, como las Casas de Juventudes, centros [&hellip;]<\/p>\n","protected":false},"author":1,"featured_media":24247,"comment_status":"closed","ping_status":"closed","sticky":false,"template":"","format":"standard","meta":{"footnotes":""},"categories":[28,20],"tags":[],"class_list":{"0":"post-24246","1":"post","2":"type-post","3":"status-publish","4":"format-standard","5":"has-post-thumbnail","7":"category-moron","8":"category-municipios"},"aioseo_notices":[],"_links":{"self":[{"href":"https:\/\/guiadenoticias.com.ar\/diario\/wp-json\/wp\/v2\/posts\/24246","targetHints":{"allow":["GET"]}}],"collection":[{"href":"https:\/\/guiadenoticias.com.ar\/diario\/wp-json\/wp\/v2\/posts"}],"about":[{"href":"https:\/\/guiadenoticias.com.ar\/diario\/wp-json\/wp\/v2\/types\/post"}],"author":[{"embeddable":true,"href":"https:\/\/guiadenoticias.com.ar\/diario\/wp-json\/wp\/v2\/users\/1"}],"replies":[{"embeddable":true,"href":"https:\/\/guiadenoticias.com.ar\/diario\/wp-json\/wp\/v2\/comments?post=24246"}],"version-history":[{"count":1,"href":"https:\/\/guiadenoticias.com.ar\/diario\/wp-json\/wp\/v2\/posts\/24246\/revisions"}],"predecessor-version":[{"id":24249,"href":"https:\/\/guiadenoticias.com.ar\/diario\/wp-json\/wp\/v2\/posts\/24246\/revisions\/24249"}],"wp:featuredmedia":[{"embeddable":true,"href":"https:\/\/guiadenoticias.com.ar\/diario\/wp-json\/wp\/v2\/media\/24247"}],"wp:attachment":[{"href":"https:\/\/guiadenoticias.com.ar\/diario\/wp-json\/wp\/v2\/media?parent=24246"}],"wp:term":[{"taxonomy":"category","embeddable":true,"href":"https:\/\/guiadenoticias.com.ar\/diario\/wp-json\/wp\/v2\/categories?post=24246"},{"taxonomy":"post_tag","embeddable":true,"href":"https:\/\/guiadenoticias.com.ar\/diario\/wp-json\/wp\/v2\/tags?post=24246"}],"curies":[{"name":"wp","href":"https:\/\/api.w.org\/{rel}","templated":true}]}}