{"id":24282,"date":"2025-07-14T21:00:43","date_gmt":"2025-07-15T00:00:43","guid":{"rendered":"https:\/\/guiadenoticias.com.ar\/diario\/?p=24282"},"modified":"2025-08-22T04:00:26","modified_gmt":"2025-08-22T07:00:26","slug":"mercado-libre-instala-en-3f-un-centro-de-almacenamiento","status":"publish","type":"post","link":"https:\/\/guiadenoticias.com.ar\/diario\/mercado-libre-instala-en-3f-un-centro-de-almacenamiento\/","title":{"rendered":"Mercado Libre instala en 3F un centro de almacenamiento"},"content":{"rendered":"<p>Mercado Libre anunci\u00f3 el desarrollo de un nuevo Centro de Almacenamiento, ubicado en Tres de Febrero, cuya apertura est\u00e1 programada para octubre de este a\u00f1o.<\/p>\n<p>Cuenta con una superficie de 58.000 metros cuadrados y est\u00e1 dentro del Predio Log\u00edstico Tres de Febrero, desarrollado por el Grupo Posadas. Con una inversi\u00f3n de 65 millones de d\u00f3lares, el proyecto se enmarca dentro de los planes de expansi\u00f3n de la empresa.<\/p>\n<p>El nuevo centro tendr\u00e1 la capacidad de procesar 100.000 productos por d\u00eda y almacenar hasta 570.000 art\u00edculos voluminosos de diversas categor\u00edas, incluyendo tecnolog\u00eda, electrodom\u00e9sticos, productos para el hogar y autopartes.<\/p>\n<p>La apertura permitir\u00e1 mejorar la eficiencia de los env\u00edos. Adem\u00e1s, complementar\u00e1 la operaci\u00f3n de los Centros de Almacenamiento situados en el Mercado Central, que incluyen uno en funcionamiento y otro pr\u00f3ximo a inaugurarse. Esta apertura generar\u00e1 m\u00e1s de 400 nuevos empleos directos y contribuir\u00e1 a la creaci\u00f3n de cientos de puestos de trabajo indirectos.<\/p>\n<p>En este sentido, Valenzuela expres\u00f3: \u201cEn Tres de Febrero bajamos los impuestos para que pasen grandes cosas. Mercado Libre nos eligi\u00f3 como municipio para invertir y es una muestra de que nuestra pol\u00edtica fiscal funciona, atrae inversiones y genera empleo\u201d.<\/p>\n<p>Por su parte, Juan Mart\u00edn de la Serna, presidente de Mercado Libre Argentina, indic\u00f3 que \u201cconstruimos la red log\u00edstica m\u00e1s eficiente de Argentina. Invertimos para seguir mejorando la experiencia de nuestros usuarios y brindar m\u00e1s soluciones para las Pymes que forman parte de nuestro ecosistema\u201d, agreg\u00f3 que \u201cvaloramos que Tres de Febrero impulse las condiciones necesarias para incentivar el desarrollo econ\u00f3mico y el empleo formal, aspectos clave para construir un futuro con m\u00e1s oportunidades para todos\u201d.<\/p>\n","protected":false},"excerpt":{"rendered":"<p>Mercado Libre anunci\u00f3 el desarrollo de un nuevo Centro de Almacenamiento, ubicado en Tres de Febrero, cuya apertura est\u00e1 programada para octubre de este a\u00f1o. Cuenta con una superficie de 58.000 metros cuadrados y est\u00e1 dentro del Predio Log\u00edstico Tres de Febrero, desarrollado por el Grupo Posadas. Con una inversi\u00f3n de 65 millones de d\u00f3lares, [&hellip;]<\/p>\n","protected":false},"author":1,"featured_media":24283,"comment_status":"closed","ping_status":"closed","sticky":false,"template":"","format":"standard","meta":{"footnotes":""},"categories":[49,20,26],"tags":[72,172],"class_list":{"0":"post-24282","1":"post","2":"type-post","3":"status-publish","4":"format-standard","5":"has-post-thumbnail","7":"category-economia-y-gremiales","8":"category-municipios","9":"category-tres-de-febrero","10":"tag-diego-valenzuela","11":"tag-trabajo"},"aioseo_notices":[],"_links":{"self":[{"href":"https:\/\/guiadenoticias.com.ar\/diario\/wp-json\/wp\/v2\/posts\/24282","targetHints":{"allow":["GET"]}}],"collection":[{"href":"https:\/\/guiadenoticias.com.ar\/diario\/wp-json\/wp\/v2\/posts"}],"about":[{"href":"https:\/\/guiadenoticias.com.ar\/diario\/wp-json\/wp\/v2\/types\/post"}],"author":[{"embeddable":true,"href":"https:\/\/guiadenoticias.com.ar\/diario\/wp-json\/wp\/v2\/users\/1"}],"replies":[{"embeddable":true,"href":"https:\/\/guiadenoticias.com.ar\/diario\/wp-json\/wp\/v2\/comments?post=24282"}],"version-history":[{"count":1,"href":"https:\/\/guiadenoticias.com.ar\/diario\/wp-json\/wp\/v2\/posts\/24282\/revisions"}],"predecessor-version":[{"id":24285,"href":"https:\/\/guiadenoticias.com.ar\/diario\/wp-json\/wp\/v2\/posts\/24282\/revisions\/24285"}],"wp:featuredmedia":[{"embeddable":true,"href":"https:\/\/guiadenoticias.com.ar\/diario\/wp-json\/wp\/v2\/media\/24283"}],"wp:attachment":[{"href":"https:\/\/guiadenoticias.com.ar\/diario\/wp-json\/wp\/v2\/media?parent=24282"}],"wp:term":[{"taxonomy":"category","embeddable":true,"href":"https:\/\/guiadenoticias.com.ar\/diario\/wp-json\/wp\/v2\/categories?post=24282"},{"taxonomy":"post_tag","embeddable":true,"href":"https:\/\/guiadenoticias.com.ar\/diario\/wp-json\/wp\/v2\/tags?post=24282"}],"curies":[{"name":"wp","href":"https:\/\/api.w.org\/{rel}","templated":true}]}}