{"id":24311,"date":"2025-08-20T15:00:47","date_gmt":"2025-08-20T18:00:47","guid":{"rendered":"https:\/\/guiadenoticias.com.ar\/diario\/?p=24311"},"modified":"2025-09-05T01:28:48","modified_gmt":"2025-09-05T04:28:48","slug":"valenzuela-y-caputo-anunciaron-un-plan-de-viviendas-en-coronado","status":"publish","type":"post","link":"https:\/\/guiadenoticias.com.ar\/diario\/valenzuela-y-caputo-anunciaron-un-plan-de-viviendas-en-coronado\/","title":{"rendered":"Valenzuela y Caputo anunciaron un plan de viviendas en Coronado"},"content":{"rendered":"<p>Tres de Febrero oficializ\u00f3<strong> la municipalizaci\u00f3n del ex PROCREAR de Mart\u00edn Coronado bajo un nuevo modelo: gesti\u00f3n local, inversi\u00f3n privada y financiamiento accesible. El acuerdo lo anunci\u00f3 el intendente y candidato a senador por la Primera Secci\u00f3n, Diego Valenzuela, junto con el ministro de Econom\u00eda, Luis Caputo.<\/strong> \u201cEsto se puede replicar en cualquier lado. No est\u00e1n las obras paradas, sino que depende de la actitud proactiva de cada gobierno\u201d, dijo el jefe comunal.<\/p>\n<p><strong>Seg\u00fan indicaron, se pasa de 389 a 1200 viviendas, con 60.000 metros cuadrados de construcci\u00f3n. Adem\u00e1s, esta iniciativa busca brindar acceso a cr\u00e9ditos hipotecarios.<\/strong><\/p>\n<p><strong>Valenzuela opin\u00f3 que \u201cPROCREAR fue la mayor injusticia social y la pol\u00edtica de vivienda m\u00e1s regresiva que existi\u00f3 en el pa\u00eds\u201d.<\/strong><\/p>\n<p>Entre los objetivos del plan est\u00e1n el impulsa del empleo, la construcci\u00f3n y el desarrollo comercial en Mart\u00edn Coronado y Pablo Podest\u00e1. Tambi\u00e9n propone m\u00e1s espacios verdes y precios m\u00e1s accesibles por el aumento de la oferta.<\/p>\n<p>Otros puntos de la primera municipalizaci\u00f3n del ex PROCREAR:<\/p>\n<p>&#8211; Se pueden licitar los 4 sectores y no se depende de los fondos del Ministerio. Eso implicar\u00e1 mayor cantidad de viviendas y mayor volumen de obra.<\/p>\n<p>&#8211; \u2060Se mejora la infraestructura para el barrio. Menos calles y m\u00e1s espacio verde abierto para la comunidad.<\/p>\n<p>&#8211; \u2060 Se reducen las exigencias y los planes \u00fanicos.<\/p>\n","protected":false},"excerpt":{"rendered":"<p>Tres de Febrero oficializ\u00f3 la municipalizaci\u00f3n del ex PROCREAR de Mart\u00edn Coronado bajo un nuevo modelo: gesti\u00f3n local, inversi\u00f3n privada y financiamiento accesible. El acuerdo lo anunci\u00f3 el intendente y candidato a senador por la Primera Secci\u00f3n, Diego Valenzuela, junto con el ministro de Econom\u00eda, Luis Caputo. \u201cEsto se puede replicar en cualquier lado. No [&hellip;]<\/p>\n","protected":false},"author":1,"featured_media":24312,"comment_status":"closed","ping_status":"closed","sticky":false,"template":"","format":"standard","meta":{"footnotes":""},"categories":[20,48,26],"tags":[72,264,143],"class_list":{"0":"post-24311","1":"post","2":"type-post","3":"status-publish","4":"format-standard","5":"has-post-thumbnail","7":"category-municipios","8":"category-politica-argentina","9":"category-tres-de-febrero","10":"tag-diego-valenzuela","11":"tag-luis-caputo","12":"tag-vivienda"},"aioseo_notices":[],"_links":{"self":[{"href":"https:\/\/guiadenoticias.com.ar\/diario\/wp-json\/wp\/v2\/posts\/24311","targetHints":{"allow":["GET"]}}],"collection":[{"href":"https:\/\/guiadenoticias.com.ar\/diario\/wp-json\/wp\/v2\/posts"}],"about":[{"href":"https:\/\/guiadenoticias.com.ar\/diario\/wp-json\/wp\/v2\/types\/post"}],"author":[{"embeddable":true,"href":"https:\/\/guiadenoticias.com.ar\/diario\/wp-json\/wp\/v2\/users\/1"}],"replies":[{"embeddable":true,"href":"https:\/\/guiadenoticias.com.ar\/diario\/wp-json\/wp\/v2\/comments?post=24311"}],"version-history":[{"count":1,"href":"https:\/\/guiadenoticias.com.ar\/diario\/wp-json\/wp\/v2\/posts\/24311\/revisions"}],"predecessor-version":[{"id":24314,"href":"https:\/\/guiadenoticias.com.ar\/diario\/wp-json\/wp\/v2\/posts\/24311\/revisions\/24314"}],"wp:featuredmedia":[{"embeddable":true,"href":"https:\/\/guiadenoticias.com.ar\/diario\/wp-json\/wp\/v2\/media\/24312"}],"wp:attachment":[{"href":"https:\/\/guiadenoticias.com.ar\/diario\/wp-json\/wp\/v2\/media?parent=24311"}],"wp:term":[{"taxonomy":"category","embeddable":true,"href":"https:\/\/guiadenoticias.com.ar\/diario\/wp-json\/wp\/v2\/categories?post=24311"},{"taxonomy":"post_tag","embeddable":true,"href":"https:\/\/guiadenoticias.com.ar\/diario\/wp-json\/wp\/v2\/tags?post=24311"}],"curies":[{"name":"wp","href":"https:\/\/api.w.org\/{rel}","templated":true}]}}