{"id":24318,"date":"2025-08-20T20:00:24","date_gmt":"2025-08-20T23:00:24","guid":{"rendered":"https:\/\/guiadenoticias.com.ar\/diario\/?p=24318"},"modified":"2025-09-06T22:36:36","modified_gmt":"2025-09-07T01:36:36","slug":"moreira-participo-en-la-entrega-de-equipamiento-para-el-hospital-eva-peron","status":"publish","type":"post","link":"https:\/\/guiadenoticias.com.ar\/diario\/moreira-participo-en-la-entrega-de-equipamiento-para-el-hospital-eva-peron\/","title":{"rendered":"Moreira particip\u00f3 en la entrega de equipamiento para el hospital Eva Per\u00f3n"},"content":{"rendered":"<p>El intendente Fernando Moreira, junto con los ministros provinciales de Salud, Nicol\u00e1s Kreplak, y de Infraestructura y Servicios P\u00fablicos, Gabriel Katopodis, <strong>presentaron un nuevo resonador magn\u00e9tico para el Hospital Interzonal de Agudos Eva Per\u00f3n y una ambulancia totalmente equipada para el Servicio de Emergencias M\u00e9dicas de San Mart\u00edn.<\/strong><\/p>\n<p>En ese marco, el jefe comunal remarc\u00f3, \u201cla idea que el Estado no resuelve nada es una falacia. Hay que venir, recorrer, hablar con la gente para ver que la realidad es totalmente distinta\u201d.<\/p>\n<p>Por su parte, Kreplak complet\u00f3: \u201cCon este equipamiento ampliamos derechos, acortamos tiempos de espera y garantizamos diagn\u00f3sticos de calidad para miles de bonaerenses\u201d.<\/p>\n<p><strong>Tambi\u00e9n, los funcionarios entregaron 200 computadoras para la digitalizaci\u00f3n de las historias cl\u00ednicas y presentaron una nueva sala de tomograf\u00eda, que en pocas semanas incorporar\u00e1 un tom\u00f3grafo de coherencia \u00f3ptica para el \u00e1rea de oftalmolog\u00eda.<\/strong><\/p>\n<p>Contando las mejoras en el Hospital Belgrano, San Mart\u00edn cuenta ahora con dos resonadores magn\u00e9ticos de alta complejidad, en el marco de un fortalecimiento del sistema de salud p\u00fablico local y regional.<\/p>\n<p>En los \u00faltimos a\u00f1os el Municipio y la Provincia ampliaron la red de Centros y Postas de Atenci\u00f3n Primaria de la Salud a 24 espacios. Tanto la red como los hospitales locales Marengo y Fleming cuentan con la Historia Cl\u00ednica Digital, un sistema integrado que incluye la informaci\u00f3n m\u00e9dica de cada paciente.<\/p>\n","protected":false},"excerpt":{"rendered":"<p>El intendente Fernando Moreira, junto con los ministros provinciales de Salud, Nicol\u00e1s Kreplak, y de Infraestructura y Servicios P\u00fablicos, Gabriel Katopodis, presentaron un nuevo resonador magn\u00e9tico para el Hospital Interzonal de Agudos Eva Per\u00f3n y una ambulancia totalmente equipada para el Servicio de Emergencias M\u00e9dicas de San Mart\u00edn. En ese marco, el jefe comunal remarc\u00f3, [&hellip;]<\/p>\n","protected":false},"author":1,"featured_media":24319,"comment_status":"closed","ping_status":"closed","sticky":false,"template":"","format":"standard","meta":{"footnotes":""},"categories":[70,20,24],"tags":[83,74,85,80],"class_list":{"0":"post-24318","1":"post","2":"type-post","3":"status-publish","4":"format-standard","5":"has-post-thumbnail","7":"category-las-mas-leidas","8":"category-municipios","9":"category-san-martin","10":"tag-axel-kicillof","11":"tag-fernando-moreira","12":"tag-gabriel-katopodis","13":"tag-salud"},"aioseo_notices":[],"_links":{"self":[{"href":"https:\/\/guiadenoticias.com.ar\/diario\/wp-json\/wp\/v2\/posts\/24318","targetHints":{"allow":["GET"]}}],"collection":[{"href":"https:\/\/guiadenoticias.com.ar\/diario\/wp-json\/wp\/v2\/posts"}],"about":[{"href":"https:\/\/guiadenoticias.com.ar\/diario\/wp-json\/wp\/v2\/types\/post"}],"author":[{"embeddable":true,"href":"https:\/\/guiadenoticias.com.ar\/diario\/wp-json\/wp\/v2\/users\/1"}],"replies":[{"embeddable":true,"href":"https:\/\/guiadenoticias.com.ar\/diario\/wp-json\/wp\/v2\/comments?post=24318"}],"version-history":[{"count":1,"href":"https:\/\/guiadenoticias.com.ar\/diario\/wp-json\/wp\/v2\/posts\/24318\/revisions"}],"predecessor-version":[{"id":24321,"href":"https:\/\/guiadenoticias.com.ar\/diario\/wp-json\/wp\/v2\/posts\/24318\/revisions\/24321"}],"wp:featuredmedia":[{"embeddable":true,"href":"https:\/\/guiadenoticias.com.ar\/diario\/wp-json\/wp\/v2\/media\/24319"}],"wp:attachment":[{"href":"https:\/\/guiadenoticias.com.ar\/diario\/wp-json\/wp\/v2\/media?parent=24318"}],"wp:term":[{"taxonomy":"category","embeddable":true,"href":"https:\/\/guiadenoticias.com.ar\/diario\/wp-json\/wp\/v2\/categories?post=24318"},{"taxonomy":"post_tag","embeddable":true,"href":"https:\/\/guiadenoticias.com.ar\/diario\/wp-json\/wp\/v2\/tags?post=24318"}],"curies":[{"name":"wp","href":"https:\/\/api.w.org\/{rel}","templated":true}]}}