{"id":24353,"date":"2025-09-08T16:00:37","date_gmt":"2025-09-08T19:00:37","guid":{"rendered":"https:\/\/guiadenoticias.com.ar\/diario\/?p=24353"},"modified":"2025-09-19T02:43:17","modified_gmt":"2025-09-19T05:43:17","slug":"elecciones-2025-batido-de-resultados-en-la-region-noroeste-del-gba","status":"publish","type":"post","link":"https:\/\/guiadenoticias.com.ar\/diario\/elecciones-2025-batido-de-resultados-en-la-region-noroeste-del-gba\/","title":{"rendered":"Elecciones 2025: batido de resultados en la regi\u00f3n noroeste del GBA"},"content":{"rendered":"<p>Por Elisa Rossi<\/p>\n<p>Pas\u00f3 una de las grandes contiendas electorales de este 2025, la votaci\u00f3n desdoblada de la nacional de la inmensa provincia de Buenos Aires. Con una participaci\u00f3n m\u00e1s baja que la habitual para los comicios de medio t\u00e9rmino, con un promedio de 61 por ciento, Fuerza Patria se impuso por una amplia diferencia sobre La Libertad Avanza &#8211; 47, 2 a 33,7 \u2013 con un saldo positivo para Axel Kicillof, quien se plant\u00f3 ante Javier Milei y Cristina Fern\u00e1ndez.<\/p>\n<p>En los repasos m\u00e1s puntuales, en la Primera Secci\u00f3n dio el batacazo la lista encabezada por Gabriel Katopodis y Malena Galmarini, de Fuerza Patria, espacio que cosech\u00f3 47,5 puntos contra LLA que lleg\u00f3 a 37 por ciento.<\/p>\n<p>A continuaci\u00f3n, el detalle de los municipios que cubre Gu\u00eda de Noticias:<\/p>\n<p><strong>ITUZAING\u00d3<\/strong><br \/>\nFuerza Patria &#8211; 43,5 -. Encabez\u00f3 la n\u00f3mina Juan Manuel \u00c1lvarez Luna.<br \/>\nLa Libertad Avanza &#8211; 36,3 -. Encabez\u00f3 Hugo Equiza.<br \/>\nEnamorate Ituzaing\u00f3 \u2013 8 -. Lista del peronismo alternativo, que encabez\u00f3 Natalia Peluso.<\/p>\n<p><strong>MOR\u00d3N<\/strong><br \/>\nFuerza Patria &#8211; 44 -. En primer lugar, el hermano del intendente, Jos\u00e9 Mar\u00eda Ghi. La particularidad de una previa convulsionada por roces internos no impidi\u00f3 que el distrito siga pintado de celeste.<br \/>\nLa Libertad Avanza \u2013 39 -. Encabez\u00f3 Cristian Morales.<br \/>\nEn tercer lugar aparece el Frente de Izquierda con 5,8 puntos.<\/p>\n<p><strong>TRES DE FEBRERO<\/strong><br \/>\nLa Libertad Avanza &#8211; 45,6 -. En primer lugar, el actual secretario del Ejecutivo Fernando Ramos. La campa\u00f1a estuvo focalizada en la figura del jefe comunal Diego Valenzuela, quien fue, adem\u00e1s, el candidato seccional a senador bonaerense.<br \/>\nFuerza Patria &#8211; 41,2 -. Nuevamente encabez\u00f3 la lista Juan Debandi. La novedad respecto a los \u00faltimos 10 a\u00f1os fue que el peronismo mejor\u00f3 su performance electoral en casi todo el distrito.<br \/>\nFrente de Izquierda &#8211; 5 -. No alcanz\u00f3 el piso del 8,3, aunque mejor\u00f3 los porcentajes respecto a votaciones recientes.<\/p>\n<p><strong>SAN MART\u00cdN<\/strong><br \/>\nFuerza Patria &#8211; 52,3 -. La boleta encabezada por el abogado Marcos Vilaplana cont\u00f3 con el envi\u00f3n de su referente y candidato seccional, el ministro Gabriel Katopodis, quien a esta altura prob\u00f3 que es una m\u00e1quina electoral.<br \/>\nLa Libertad Avanza \u2013 36 -. En el primer lugar fue el periodista Daniel Mollo.<\/p>\n<p><strong>VICENTE L\u00d3PEZ<\/strong><br \/>\nLa Libertad Avanza &#8211; 55,4 -. Con la potencia de la intendenta Soledad Mart\u00ednez, en este municipio LLA tuvo su mejor marca de la Primera Secci\u00f3n. Pero qued\u00f3 claro que la boleta, en verdad, era amarilla.<br \/>\nFuerza Patria &#8211; 28,6 -. Encabez\u00f3 Lucas Boyanovsky. El espacio es minor\u00eda en el HCD.<br \/>\nFrente de Izquierda &#8211; 5,5 -.<\/p>\n<p><strong>SAN ISIDRO<\/strong><br \/>\nLa Libertad Avanza &#8211; 48,7 -. Jorge \u201cPana\u201d \u00c1lvarez fue quien le puso el cuerpo a este primer desaf\u00edo electoral del oficialismo PRO de Ram\u00f3n Lan\u00fas.<br \/>\nFuerza Patria \u2013 24 -. En primer lugar, Federico Meca.<br \/>\nAcci\u00f3n Vecinal &#8211; 15,2 -. En este distrito de zona norte aparece la referencia local de Gustavo Posse, quien aspira a un nuevo mandato en 2027.<\/p>\n<p><strong>SAN FERNANDO<\/strong><br \/>\nFuerza Patria &#8211; 62,2 -. La boleta llev\u00f3 a Eva Andreotti como primera candidata a concejal. La actual secretaria de Desarrollo Social, Educaci\u00f3n y Medio Ambiente es hermana del intendente y reafirm\u00f3 el apoyo de la mayor\u00eda de los votantes a esta expresi\u00f3n massista.<br \/>\nLa Libertad Avanza \u2013 26 -. Encabez\u00f3 Kevin Buj.<br \/>\nSomos Buenos Aires &#8211; 3,3 -. Encabez\u00f3 Gustavo Aguilera. El espacio no cumpli\u00f3 sus objetivos, como en gran parte de la secci\u00f3n.<\/p>\n<p><strong>TIGRE<\/strong><br \/>\nUno de los distritos m\u00e1s re\u00f1idos y de los pocos de la regi\u00f3n en los cuales perdi\u00f3 el oficialismo.<br \/>\nFuerza Patria &#8211; 34,4 -. Primer lugar en la boleta, una joven promesa, Sebasti\u00e1n Rovira.<br \/>\nLa Libertad Avanza &#8211; 32,6 -. Encabezada por Claudio Baumgarten.<br \/>\nSomos Buenos Aires &#8211; 18 -. La candidata del intendente y postulante a senador, Julio Zamora, Carolina Hernandorena, qued\u00f3 en un lejano tercer puesto.<\/p>\n","protected":false},"excerpt":{"rendered":"<p>Por Elisa Rossi Pas\u00f3 una de las grandes contiendas electorales de este 2025, la votaci\u00f3n desdoblada de la nacional de la inmensa provincia de Buenos Aires. Con una participaci\u00f3n m\u00e1s baja que la habitual para los comicios de medio t\u00e9rmino, con un promedio de 61 por ciento, Fuerza Patria se impuso por una amplia diferencia [&hellip;]<\/p>\n","protected":false},"author":1,"featured_media":24354,"comment_status":"closed","ping_status":"closed","sticky":false,"template":"","format":"standard","meta":{"footnotes":""},"categories":[70,20,48,31],"tags":[83,139,285,293,255,261,196],"class_list":{"0":"post-24353","1":"post","2":"type-post","3":"status-publish","4":"format-standard","5":"has-post-thumbnail","7":"category-las-mas-leidas","8":"category-municipios","9":"category-politica-argentina","10":"category-provincia","11":"tag-axel-kicillof","12":"tag-concejo-deliberante","13":"tag-elecciones-2025","14":"tag-fuerza-patria","15":"tag-javier-milei","16":"tag-la-libertad-avanza","17":"tag-legislatura-bonaerense"},"aioseo_notices":[],"_links":{"self":[{"href":"https:\/\/guiadenoticias.com.ar\/diario\/wp-json\/wp\/v2\/posts\/24353","targetHints":{"allow":["GET"]}}],"collection":[{"href":"https:\/\/guiadenoticias.com.ar\/diario\/wp-json\/wp\/v2\/posts"}],"about":[{"href":"https:\/\/guiadenoticias.com.ar\/diario\/wp-json\/wp\/v2\/types\/post"}],"author":[{"embeddable":true,"href":"https:\/\/guiadenoticias.com.ar\/diario\/wp-json\/wp\/v2\/users\/1"}],"replies":[{"embeddable":true,"href":"https:\/\/guiadenoticias.com.ar\/diario\/wp-json\/wp\/v2\/comments?post=24353"}],"version-history":[{"count":2,"href":"https:\/\/guiadenoticias.com.ar\/diario\/wp-json\/wp\/v2\/posts\/24353\/revisions"}],"predecessor-version":[{"id":24372,"href":"https:\/\/guiadenoticias.com.ar\/diario\/wp-json\/wp\/v2\/posts\/24353\/revisions\/24372"}],"wp:featuredmedia":[{"embeddable":true,"href":"https:\/\/guiadenoticias.com.ar\/diario\/wp-json\/wp\/v2\/media\/24354"}],"wp:attachment":[{"href":"https:\/\/guiadenoticias.com.ar\/diario\/wp-json\/wp\/v2\/media?parent=24353"}],"wp:term":[{"taxonomy":"category","embeddable":true,"href":"https:\/\/guiadenoticias.com.ar\/diario\/wp-json\/wp\/v2\/categories?post=24353"},{"taxonomy":"post_tag","embeddable":true,"href":"https:\/\/guiadenoticias.com.ar\/diario\/wp-json\/wp\/v2\/tags?post=24353"}],"curies":[{"name":"wp","href":"https:\/\/api.w.org\/{rel}","templated":true}]}}