{"id":24467,"date":"2025-10-21T11:01:46","date_gmt":"2025-10-21T14:01:46","guid":{"rendered":"https:\/\/guiadenoticias.com.ar\/diario\/?p=24467"},"modified":"2025-10-21T11:01:46","modified_gmt":"2025-10-21T14:01:46","slug":"milei-y-valenzuela-militaron-en-ciudad-jardin-el-voto-libertario","status":"publish","type":"post","link":"https:\/\/guiadenoticias.com.ar\/diario\/milei-y-valenzuela-militaron-en-ciudad-jardin-el-voto-libertario\/","title":{"rendered":"Milei y Valenzuela militaron en Ciudad Jard\u00edn el voto libertario"},"content":{"rendered":"<p><strong>Javier Milei encabez\u00f3 un acto de campa\u00f1a en Tres de Febrero<\/strong>. En Ciudad Jard\u00edn repiti\u00f3 la postal de su periplo electoral: tumulto, euforia y presencia territorial de varios dirigentes de La Libertad Avanza, en el intento de apuntalar con la imagen del Presidente el caudal de votos del 26 de octubre.<\/p>\n<p>En simult\u00e1neo con la salida de Cristina Fern\u00e1ndez al balc\u00f3n del domicilio en donde cumple su condena, y en una fecha ic\u00f3nica como el 17 de octubre, los libertarios arrancaron las tres cuadras de recorrida de la comitiva presidencial. El mandatario, meg\u00e1fono en mano, tuvo un breve discurso. M\u00e1s fue el espacio dedicado en los medios tradicionales y redes sociales a los enfrentamientos en las calles entre seguidores y detractores del Gobierno.<\/p>\n<p><strong>Milei y su hermana Karina estuvieron acompa\u00f1ados por el intendente anfitri\u00f3n, Diego Valenzuela &#8211; electo senador bonaerense -; la ministra de Seguridad, Patricia Bullrich; el primer candidato a diputado nacional por Buenos Aires, Diego Santilli, y quien lo secunda, Karen Reichardt; tambi\u00e9n dieron el presente Cristian Ritondo, Lilia Lemoine y Sebasti\u00e1n Pareja, entre otros.<\/strong><\/p>\n<p>La convocatoria en la plaza del Avi\u00f3n cerr\u00f3 con un mensaje breve, aunque claro, del Presidente: \u201cEl kirchnerismo quiere un pa\u00eds de b\u00e1rbaros\u201d.<\/p>\n<p>\u201cEste momento es duro, pero tambi\u00e9n es cierto que hay menos inflaci\u00f3n y menos pobres\u201d, se\u00f1al\u00f3, y agreg\u00f3 que \u201chay menos narcotr\u00e1fico y menos inseguridad\u201d. Reiter\u00f3 que \u201cestamos a mitad de camino\u201d y llam\u00f3 al voto violeta, \u201cLa Libertad Avanza o Argentina retrocede\u201d. Puede que ese haya sido el \u00faltimo acto en Provincia previo a los comicios<\/p>\n","protected":false},"excerpt":{"rendered":"<p>Javier Milei encabez\u00f3 un acto de campa\u00f1a en Tres de Febrero. En Ciudad Jard\u00edn repiti\u00f3 la postal de su periplo electoral: tumulto, euforia y presencia territorial de varios dirigentes de La Libertad Avanza, en el intento de apuntalar con la imagen del Presidente el caudal de votos del 26 de octubre. En simult\u00e1neo con la [&hellip;]<\/p>\n","protected":false},"author":1,"featured_media":24468,"comment_status":"closed","ping_status":"closed","sticky":false,"template":"","format":"standard","meta":{"footnotes":""},"categories":[20,48,26],"tags":[72,285,255,261],"class_list":{"0":"post-24467","1":"post","2":"type-post","3":"status-publish","4":"format-standard","5":"has-post-thumbnail","7":"category-municipios","8":"category-politica-argentina","9":"category-tres-de-febrero","10":"tag-diego-valenzuela","11":"tag-elecciones-2025","12":"tag-javier-milei","13":"tag-la-libertad-avanza"},"aioseo_notices":[],"_links":{"self":[{"href":"https:\/\/guiadenoticias.com.ar\/diario\/wp-json\/wp\/v2\/posts\/24467","targetHints":{"allow":["GET"]}}],"collection":[{"href":"https:\/\/guiadenoticias.com.ar\/diario\/wp-json\/wp\/v2\/posts"}],"about":[{"href":"https:\/\/guiadenoticias.com.ar\/diario\/wp-json\/wp\/v2\/types\/post"}],"author":[{"embeddable":true,"href":"https:\/\/guiadenoticias.com.ar\/diario\/wp-json\/wp\/v2\/users\/1"}],"replies":[{"embeddable":true,"href":"https:\/\/guiadenoticias.com.ar\/diario\/wp-json\/wp\/v2\/comments?post=24467"}],"version-history":[{"count":1,"href":"https:\/\/guiadenoticias.com.ar\/diario\/wp-json\/wp\/v2\/posts\/24467\/revisions"}],"predecessor-version":[{"id":24470,"href":"https:\/\/guiadenoticias.com.ar\/diario\/wp-json\/wp\/v2\/posts\/24467\/revisions\/24470"}],"wp:featuredmedia":[{"embeddable":true,"href":"https:\/\/guiadenoticias.com.ar\/diario\/wp-json\/wp\/v2\/media\/24468"}],"wp:attachment":[{"href":"https:\/\/guiadenoticias.com.ar\/diario\/wp-json\/wp\/v2\/media?parent=24467"}],"wp:term":[{"taxonomy":"category","embeddable":true,"href":"https:\/\/guiadenoticias.com.ar\/diario\/wp-json\/wp\/v2\/categories?post=24467"},{"taxonomy":"post_tag","embeddable":true,"href":"https:\/\/guiadenoticias.com.ar\/diario\/wp-json\/wp\/v2\/tags?post=24467"}],"curies":[{"name":"wp","href":"https:\/\/api.w.org\/{rel}","templated":true}]}}