{"id":24485,"date":"2025-10-07T13:00:37","date_gmt":"2025-10-07T16:00:37","guid":{"rendered":"https:\/\/guiadenoticias.com.ar\/diario\/?p=24485"},"modified":"2025-11-07T03:32:37","modified_gmt":"2025-11-07T06:32:37","slug":"moron-celebro-sus-240-anos-en-la-plaza-san-martin","status":"publish","type":"post","link":"https:\/\/guiadenoticias.com.ar\/diario\/moron-celebro-sus-240-anos-en-la-plaza-san-martin\/","title":{"rendered":"Mor\u00f3n celebr\u00f3 sus 240 a\u00f1os en la Plaza San Mart\u00edn"},"content":{"rendered":"<p>El Municipio de Mor\u00f3n celebr\u00f3 su 240\u00b0 aniversario con actividades culturales, shows en vivo y el tradicional corte de torta en honor al D\u00eda de Nuestra Se\u00f1ora del Buen Viaje, patrona del distrito.<\/p>\n<p>El festejo tuvo lugar en la Plaza San Mart\u00edn y comenz\u00f3 con la presentaci\u00f3n de la Agrupaci\u00f3n Sinf\u00f3nica Municipal, que comparti\u00f3 escenario con artistas locales seleccionados del concurso Mor\u00f3n Canta. Luego, estudiantes de la Escuela Municipal de Danzas Jos\u00e9 Neglia realizaron coreograf\u00edas de distintos estilos.<\/p>\n<p>El cierre art\u00edstico estuvo a cargo de la Pe\u00f1a El Reencuentro, con las actuaciones de Los Duarte y Los Hermanos Paj\u00f3n.<\/p>\n<p>Como cada a\u00f1o, el intendente Lucas Ghi encabez\u00f3 el corte de la torta aniversario, elaborada por estudiantes del Centro Municipal de Gastronom\u00eda, el Instituto IMES y otros centros de formaci\u00f3n.<\/p>\n","protected":false},"excerpt":{"rendered":"<p>El Municipio de Mor\u00f3n celebr\u00f3 su 240\u00b0 aniversario con actividades culturales, shows en vivo y el tradicional corte de torta en honor al D\u00eda de Nuestra Se\u00f1ora del Buen Viaje, patrona del distrito. El festejo tuvo lugar en la Plaza San Mart\u00edn y comenz\u00f3 con la presentaci\u00f3n de la Agrupaci\u00f3n Sinf\u00f3nica Municipal, que comparti\u00f3 escenario [&hellip;]<\/p>\n","protected":false},"author":1,"featured_media":24486,"comment_status":"closed","ping_status":"closed","sticky":false,"template":"","format":"standard","meta":{"footnotes":""},"categories":[28,20],"tags":[73],"class_list":{"0":"post-24485","1":"post","2":"type-post","3":"status-publish","4":"format-standard","5":"has-post-thumbnail","7":"category-moron","8":"category-municipios","9":"tag-lucas-ghi"},"aioseo_notices":[],"_links":{"self":[{"href":"https:\/\/guiadenoticias.com.ar\/diario\/wp-json\/wp\/v2\/posts\/24485","targetHints":{"allow":["GET"]}}],"collection":[{"href":"https:\/\/guiadenoticias.com.ar\/diario\/wp-json\/wp\/v2\/posts"}],"about":[{"href":"https:\/\/guiadenoticias.com.ar\/diario\/wp-json\/wp\/v2\/types\/post"}],"author":[{"embeddable":true,"href":"https:\/\/guiadenoticias.com.ar\/diario\/wp-json\/wp\/v2\/users\/1"}],"replies":[{"embeddable":true,"href":"https:\/\/guiadenoticias.com.ar\/diario\/wp-json\/wp\/v2\/comments?post=24485"}],"version-history":[{"count":1,"href":"https:\/\/guiadenoticias.com.ar\/diario\/wp-json\/wp\/v2\/posts\/24485\/revisions"}],"predecessor-version":[{"id":24488,"href":"https:\/\/guiadenoticias.com.ar\/diario\/wp-json\/wp\/v2\/posts\/24485\/revisions\/24488"}],"wp:featuredmedia":[{"embeddable":true,"href":"https:\/\/guiadenoticias.com.ar\/diario\/wp-json\/wp\/v2\/media\/24486"}],"wp:attachment":[{"href":"https:\/\/guiadenoticias.com.ar\/diario\/wp-json\/wp\/v2\/media?parent=24485"}],"wp:term":[{"taxonomy":"category","embeddable":true,"href":"https:\/\/guiadenoticias.com.ar\/diario\/wp-json\/wp\/v2\/categories?post=24485"},{"taxonomy":"post_tag","embeddable":true,"href":"https:\/\/guiadenoticias.com.ar\/diario\/wp-json\/wp\/v2\/tags?post=24485"}],"curies":[{"name":"wp","href":"https:\/\/api.w.org\/{rel}","templated":true}]}}