{"id":24490,"date":"2025-10-15T22:00:44","date_gmt":"2025-10-16T01:00:44","guid":{"rendered":"https:\/\/guiadenoticias.com.ar\/diario\/?p=24490"},"modified":"2025-11-07T03:55:32","modified_gmt":"2025-11-07T06:55:32","slug":"pablo-descalzo-recorrio-la-obra-de-la-reserva-natural","status":"publish","type":"post","link":"https:\/\/guiadenoticias.com.ar\/diario\/pablo-descalzo-recorrio-la-obra-de-la-reserva-natural\/","title":{"rendered":"Pablo Descalzo recorri\u00f3 la obra de la reserva natural"},"content":{"rendered":"<p>El intendente Pablo Descalzo y el presidente del Comit\u00e9 de Cuenca del R\u00edo Reconquista (COMIREC), Daniel Larrache, supervisaron los avances de la obra de la Reserva Natural Urbana, ubicada en Autopista Camino del Buen Ayre y Mart\u00edn Fierro.<\/p>\n<p>Los trabajos de puesta en valor, que est\u00e1n completados en un 70%, son realizados por el gobierno municipal y la provincia de Buenos Aires, a trav\u00e9s del COMIREC. Incluyen el acondicionamiento de 26 hect\u00e1reas linderas al r\u00edo para el desarrollo de la investigaci\u00f3n y la preservaci\u00f3n de la flora y fauna aut\u00f3ctonas.<\/p>\n<p>Adem\u00e1s, contempla la construcci\u00f3n de senderos y puentes peatonales; un centro de servicios; y espacios destinados a la recreaci\u00f3n y a la divulgaci\u00f3n cient\u00edfica, como un invern\u00e1culo, miradores y puntos de observaci\u00f3n de aves.<\/p>\n<p>Al finalizar el recorrido, Descalzo destac\u00f3: \u201cEste es un proyecto en el que trabajamos hace muchos a\u00f1os, con organizaciones vinculadas con el cuidado de la flora y la fauna, que hoy nos acompa\u00f1aron para ver el avance de los trabajos\u201d. Y agreg\u00f3 que \u201cen Ituzaing\u00f3 el cuidado y la preservaci\u00f3n del ambiente y la biodiversidad es una prioridad, que tenemos en cuenta a la hora de planificar el desarrollo de nuestra ciudad\u201d.<\/p>\n","protected":false},"excerpt":{"rendered":"<p>El intendente Pablo Descalzo y el presidente del Comit\u00e9 de Cuenca del R\u00edo Reconquista (COMIREC), Daniel Larrache, supervisaron los avances de la obra de la Reserva Natural Urbana, ubicada en Autopista Camino del Buen Ayre y Mart\u00edn Fierro. Los trabajos de puesta en valor, que est\u00e1n completados en un 70%, son realizados por el gobierno [&hellip;]<\/p>\n","protected":false},"author":1,"featured_media":24491,"comment_status":"closed","ping_status":"closed","sticky":false,"template":"","format":"standard","meta":{"footnotes":""},"categories":[203,29,20],"tags":[242],"class_list":{"0":"post-24490","1":"post","2":"type-post","3":"status-publish","4":"format-standard","5":"has-post-thumbnail","7":"category-ambiente","8":"category-ituzaingo","9":"category-municipios","10":"tag-pablo-descalzo"},"aioseo_notices":[],"_links":{"self":[{"href":"https:\/\/guiadenoticias.com.ar\/diario\/wp-json\/wp\/v2\/posts\/24490","targetHints":{"allow":["GET"]}}],"collection":[{"href":"https:\/\/guiadenoticias.com.ar\/diario\/wp-json\/wp\/v2\/posts"}],"about":[{"href":"https:\/\/guiadenoticias.com.ar\/diario\/wp-json\/wp\/v2\/types\/post"}],"author":[{"embeddable":true,"href":"https:\/\/guiadenoticias.com.ar\/diario\/wp-json\/wp\/v2\/users\/1"}],"replies":[{"embeddable":true,"href":"https:\/\/guiadenoticias.com.ar\/diario\/wp-json\/wp\/v2\/comments?post=24490"}],"version-history":[{"count":1,"href":"https:\/\/guiadenoticias.com.ar\/diario\/wp-json\/wp\/v2\/posts\/24490\/revisions"}],"predecessor-version":[{"id":24493,"href":"https:\/\/guiadenoticias.com.ar\/diario\/wp-json\/wp\/v2\/posts\/24490\/revisions\/24493"}],"wp:featuredmedia":[{"embeddable":true,"href":"https:\/\/guiadenoticias.com.ar\/diario\/wp-json\/wp\/v2\/media\/24491"}],"wp:attachment":[{"href":"https:\/\/guiadenoticias.com.ar\/diario\/wp-json\/wp\/v2\/media?parent=24490"}],"wp:term":[{"taxonomy":"category","embeddable":true,"href":"https:\/\/guiadenoticias.com.ar\/diario\/wp-json\/wp\/v2\/categories?post=24490"},{"taxonomy":"post_tag","embeddable":true,"href":"https:\/\/guiadenoticias.com.ar\/diario\/wp-json\/wp\/v2\/tags?post=24490"}],"curies":[{"name":"wp","href":"https:\/\/api.w.org\/{rel}","templated":true}]}}