{"id":24745,"date":"2026-03-09T12:00:45","date_gmt":"2026-03-09T15:00:45","guid":{"rendered":"https:\/\/guiadenoticias.com.ar\/diario\/?p=24745"},"modified":"2026-04-06T03:36:05","modified_gmt":"2026-04-06T06:36:05","slug":"la-violencia-interminable-miedo-por-ser-mujer","status":"publish","type":"post","link":"https:\/\/guiadenoticias.com.ar\/diario\/la-violencia-interminable-miedo-por-ser-mujer\/","title":{"rendered":"La violencia interminable: miedo por ser mujer"},"content":{"rendered":"<p><strong>El 34% de las argentinas afirm\u00f3 haber atravesado alguna situaci\u00f3n de violencia en el \u00faltimo a\u00f1o,<\/strong> de acuerdo a un estudio en el marco del D\u00eda Internacional de la Mujer. Adem\u00e1s, el n\u00famero duplica el promedio global y trascendi\u00f3 que los hombres ven con mayor optimismo la igualdad de g\u00e9nero en espacios como el trabajo y la pol\u00edtica.<\/p>\n<p>La Worldwide Independent Network of Market Research (WIN) y la agencia Voices! Argentina publicaron su Worldviews Survey, una encuesta de 2026 que recopila las perspectivas y creencias de 45.000 personas en 45 pa\u00edses. All\u00ed arrojaron luz sobre la brecha entre el progreso percibido, por ejemplo, en igualdad de g\u00e9nero.<\/p>\n<p>Entre los principales hallazgos, la percepci\u00f3n de igualdad de g\u00e9nero en el trabajo y la pol\u00edtica aumenta desde 2025, tanto en la Argentina como a nivel global; mientras que en el hogar se mantiene. En nuestro pa\u00eds, el 71% de las personas encuestadas considera que la igualdad se alcanz\u00f3 en el trabajo \u201cdefinitivamente y\/o en cierta medida\u201d, con 6 puntos m\u00e1s que en 2025 (65%).<\/p>\n<p>Esta percepci\u00f3n tambi\u00e9n se traslad\u00f3 al \u00e1mbito pol\u00edtico, donde pas\u00f3 del 60% en 2025 al 69% en la actualidad, ubic\u00e1ndose por encima del promedio global (57%). El \u00e1mbito dom\u00e9stico, en cambio, se mantiene sin cambios: el 75% considera que existe igualdad de g\u00e9nero frente a un 74% en 2025, en l\u00ednea con la media global.<\/p>\n<p>Este mayor optimismo es m\u00e1s frecuente entre los hombres: el 71% encuestado piensa que se alcanz\u00f3 esta igualdad en el trabajo, frente a un 61% de mujeres; en la pol\u00edtica, ellos lo perciben en un 63% frente a un 52% de la visi\u00f3n femenina. En el caso del hogar, un 75% de los varones ven esta igualdad contra un 68% de mujeres.<\/p>\n<p><strong>A nivel global, el 17% de las mujeres encuestadas se\u00f1ala haber sufrido alg\u00fan tipo de violencia (f\u00edsica o psicol\u00f3gica) en los \u00faltimos 12 meses, mientras la Argentina se ubica entre los pa\u00edses con mayor proporci\u00f3n con un 34% de las mujeres que afirma haber atravesado alguna situaci\u00f3n de violencia, duplicando el promedio global.<\/strong><\/p>\n<p><strong>Con este nivel, nuestro pa\u00eds ocupa el tercer lugar en el ranking internacional, junto con Grecia y el primer puesto lo registra Marruecos (43%), seguido por Indonesia (36%). Adem\u00e1s, la problem\u00e1tica aparece especialmente concentrada en Am\u00e9rica Latina ya que entre los 12 pa\u00edses con mayores niveles de violencia reportada por mujeres, 7 pertenecen a la regi\u00f3n.<\/strong><\/p>\n<p>En un desglose, la declaraci\u00f3n de haber sufrido violencia en el \u00faltimo a\u00f1o crece entre mujeres de 35 a 49 a\u00f1os, donde alcanza el 39%. Por otro lado, y, alineado al promedio global, una de cada diez argentinas declara haber sufrido acoso sexual en el \u00faltimo a\u00f1o, una tendencia que aumenta entre las j\u00f3venes: llega al 15% entre las de 18-24 a\u00f1os y alcanza el 20% entre las de 25-34.<\/p>\n<p>La directora Ejecutiva de Voices!, Constanza Cilley, expres\u00f3: \u00abEn los seis a\u00f1os que realizamos este relevamiento en el pa\u00eds, nos encontramos con el mismo hallazgo preocupante, la Argentina siempre destaca\u00bb.<\/p>\n","protected":false},"excerpt":{"rendered":"<p>El 34% de las argentinas afirm\u00f3 haber atravesado alguna situaci\u00f3n de violencia en el \u00faltimo a\u00f1o, de acuerdo a un estudio en el marco del D\u00eda Internacional de la Mujer. Adem\u00e1s, el n\u00famero duplica el promedio global y trascendi\u00f3 que los hombres ven con mayor optimismo la igualdad de g\u00e9nero en espacios como el trabajo [&hellip;]<\/p>\n","protected":false},"author":1,"featured_media":24746,"comment_status":"closed","ping_status":"closed","sticky":false,"template":"","format":"standard","meta":{"footnotes":""},"categories":[126,19,70],"tags":[110],"class_list":{"0":"post-24745","1":"post","2":"type-post","3":"status-publish","4":"format-standard","5":"has-post-thumbnail","7":"category-denuncia","8":"category-informacion-general","9":"category-las-mas-leidas","10":"tag-violencia-de-genero"},"aioseo_notices":[],"_links":{"self":[{"href":"https:\/\/guiadenoticias.com.ar\/diario\/wp-json\/wp\/v2\/posts\/24745","targetHints":{"allow":["GET"]}}],"collection":[{"href":"https:\/\/guiadenoticias.com.ar\/diario\/wp-json\/wp\/v2\/posts"}],"about":[{"href":"https:\/\/guiadenoticias.com.ar\/diario\/wp-json\/wp\/v2\/types\/post"}],"author":[{"embeddable":true,"href":"https:\/\/guiadenoticias.com.ar\/diario\/wp-json\/wp\/v2\/users\/1"}],"replies":[{"embeddable":true,"href":"https:\/\/guiadenoticias.com.ar\/diario\/wp-json\/wp\/v2\/comments?post=24745"}],"version-history":[{"count":1,"href":"https:\/\/guiadenoticias.com.ar\/diario\/wp-json\/wp\/v2\/posts\/24745\/revisions"}],"predecessor-version":[{"id":24748,"href":"https:\/\/guiadenoticias.com.ar\/diario\/wp-json\/wp\/v2\/posts\/24745\/revisions\/24748"}],"wp:featuredmedia":[{"embeddable":true,"href":"https:\/\/guiadenoticias.com.ar\/diario\/wp-json\/wp\/v2\/media\/24746"}],"wp:attachment":[{"href":"https:\/\/guiadenoticias.com.ar\/diario\/wp-json\/wp\/v2\/media?parent=24745"}],"wp:term":[{"taxonomy":"category","embeddable":true,"href":"https:\/\/guiadenoticias.com.ar\/diario\/wp-json\/wp\/v2\/categories?post=24745"},{"taxonomy":"post_tag","embeddable":true,"href":"https:\/\/guiadenoticias.com.ar\/diario\/wp-json\/wp\/v2\/tags?post=24745"}],"curies":[{"name":"wp","href":"https:\/\/api.w.org\/{rel}","templated":true}]}}