{"id":2501,"date":"2016-06-02T02:15:18","date_gmt":"2016-06-02T05:15:18","guid":{"rendered":"http:\/\/guiadenoticias.com.ar\/diario\/?p=2501"},"modified":"2016-06-05T00:09:18","modified_gmt":"2016-06-05T03:09:18","slug":"judiciales-tregua-con-vidal-hasta-agosto","status":"publish","type":"post","link":"https:\/\/guiadenoticias.com.ar\/diario\/judiciales-tregua-con-vidal-hasta-agosto\/","title":{"rendered":"Judiciales: tregua con Vidal hasta agosto"},"content":{"rendered":"<p>Tras quince semanas de negociaciones desgastantes, 28 d\u00edas de huelga que frenaron la Justicia y 12 movilizaciones que tomaron visibilidad, la Asociaci\u00f3n Judicial Bonaerense logr\u00f3 una recomposici\u00f3n salarial de 32.5 por ciento. \u201cUn logro sumamente positivo teniendo en cuenta el contexto y la din\u00e1mica, una de las luchas m\u00e1s largas y las m\u00e1s dif\u00edciles que tuvimos en los \u00faltimos a\u00f1os\u201d, apreci\u00f3 Pablo Abramovich, secretario general de la AJB, en charla con Gu\u00eda de Noticias.<\/p>\n<p>Sin embargo, \u201cel n\u00famero final no nos deja contentos, la evoluci\u00f3n inflacionaria va a ser superior\u201d, admiti\u00f3. \u201cPor eso consideramos relevante la clausula de apertura de discusiones en agosto\u201d donde \u201chay un piso de 3.5 pactado y garantizado\u201d, afirm\u00f3.<\/p>\n<p>El tira y afloje con el gobierno provincial, seg\u00fan Abramovich, puso en evidencias rispideces entre el Ministerio de Justicia, entonces encabezado por Carlos Mahiques, y el de Econom\u00eda a cargo de Hern\u00e1n Lacunza. \u201cMahiques no hubiera sido designado en el cargo si se sab\u00eda que no iba\u00a0 a continuar por una cuesti\u00f3n formal\u201d, dedujo el l\u00edder de los Judiciales sobre el funcionario renunciante. \u201cAunque el motivo de su salida es dif\u00edcil de identificar, se ve\u00edan diferentes l\u00f3gicas entre los ministros de Hacienda y Justicia\u201d.<\/p>\n<p>Asimismo, consider\u00f3 la asunci\u00f3n de Gustavo Ferrari como \u201cun giro que va de buscar a un miembro de la carrera del Poder Judicial, para ahora apostar por un hombre de la pol\u00edtica, con determinada vinculaci\u00f3n al macrismo a nivel nacional\u201d, en referencia a la cercan\u00eda de ex denarvaista con Daniel Angelici.<\/p>\n<p><strong>LUCHAS SINDICALES<\/strong><\/p>\n<p>En estos primeros meses del gobierno de Mar\u00eda Eugenia Vidal se observ\u00f3 una creciente unidad de los sindicatos de empleados p\u00fablicos, desde ATE hasta los docentes, pasando por m\u00e9dicos y judiciales, entre otros.<\/p>\n<p>Alertados por el cambio de signo pol\u00edtico de la Gobernaci\u00f3n y la dif\u00edcil coyuntura econ\u00f3mica, \u201cel punto de inflexi\u00f3n fue cuando hace dos semanas nos movilizamos m\u00e1s de 50 mil trabajadores del Estado que reclamamos por los conflictos salariales y contra la sanci\u00f3n de la ley de Emergencia Administrativa que avanza sobre nuestros derechos\u201d, resalt\u00f3 Abramovich.<\/p>\n<p>Desde su \u00f3ptica, este proceso fue clave \u201cpara que la gobernadora analice el costo pol\u00edtico de los conflictos y ceda porcentajes en las paritarias\u201d. Pero, indic\u00f3 que la se\u00f1alada ley, aprobada semanas atr\u00e1s, \u201cpermite al Ejecutivo provincial reinstalar la figura de la precarizaci\u00f3n de la condiciones de trabajo\u201d, reemplazando \u201cal empleado del Estado con estabilidad, jerarquizado y con un salario discutido en paritarias\u201d.<\/p>\n<p>Ante este contexto, el dirigente gremial dijo: \u201cCre\u00edamos que era necesaria una medida muy fuerte de parte de todas la centrales sindicales ante el proceso de transformaci\u00f3n econ\u00f3mica que se produce en la Argentina, para defender fundamentalmente las fuentes de trabajo\u201d.<\/p>\n<p>Y carg\u00f3 contra la burocracia sindical. \u201cLamentablemente los intereses de las CGT no dan a los trabajadores la respuesta contundente y masiva que deber\u00edan haber recibido. Los l\u00edderes sindicales no han estado a la altura de las circunstancias\u201d. \u00a0Por lo tanto calcul\u00f3 que la movilizaci\u00f3n de (solamente) las dos CTA para hoy tendr\u00e1 un impacto menor al esperado.<\/p>\n","protected":false},"excerpt":{"rendered":"<p>Tras quince semanas de negociaciones desgastantes, 28 d\u00edas de huelga que frenaron la Justicia y 12 movilizaciones que tomaron visibilidad, la Asociaci\u00f3n Judicial Bonaerense logr\u00f3 una recomposici\u00f3n salarial de 32.5 por ciento. \u201cUn logro sumamente positivo teniendo en cuenta el contexto y la din\u00e1mica, una de las luchas m\u00e1s largas y las m\u00e1s dif\u00edciles que [&hellip;]<\/p>\n","protected":false},"author":1,"featured_media":2502,"comment_status":"closed","ping_status":"open","sticky":false,"template":"","format":"standard","meta":{"footnotes":""},"categories":[49,48,31],"tags":[],"class_list":{"0":"post-2501","1":"post","2":"type-post","3":"status-publish","4":"format-standard","5":"has-post-thumbnail","7":"category-economia-y-gremiales","8":"category-politica-argentina","9":"category-provincia"},"aioseo_notices":[],"_links":{"self":[{"href":"https:\/\/guiadenoticias.com.ar\/diario\/wp-json\/wp\/v2\/posts\/2501","targetHints":{"allow":["GET"]}}],"collection":[{"href":"https:\/\/guiadenoticias.com.ar\/diario\/wp-json\/wp\/v2\/posts"}],"about":[{"href":"https:\/\/guiadenoticias.com.ar\/diario\/wp-json\/wp\/v2\/types\/post"}],"author":[{"embeddable":true,"href":"https:\/\/guiadenoticias.com.ar\/diario\/wp-json\/wp\/v2\/users\/1"}],"replies":[{"embeddable":true,"href":"https:\/\/guiadenoticias.com.ar\/diario\/wp-json\/wp\/v2\/comments?post=2501"}],"version-history":[{"count":1,"href":"https:\/\/guiadenoticias.com.ar\/diario\/wp-json\/wp\/v2\/posts\/2501\/revisions"}],"predecessor-version":[{"id":2503,"href":"https:\/\/guiadenoticias.com.ar\/diario\/wp-json\/wp\/v2\/posts\/2501\/revisions\/2503"}],"wp:featuredmedia":[{"embeddable":true,"href":"https:\/\/guiadenoticias.com.ar\/diario\/wp-json\/wp\/v2\/media\/2502"}],"wp:attachment":[{"href":"https:\/\/guiadenoticias.com.ar\/diario\/wp-json\/wp\/v2\/media?parent=2501"}],"wp:term":[{"taxonomy":"category","embeddable":true,"href":"https:\/\/guiadenoticias.com.ar\/diario\/wp-json\/wp\/v2\/categories?post=2501"},{"taxonomy":"post_tag","embeddable":true,"href":"https:\/\/guiadenoticias.com.ar\/diario\/wp-json\/wp\/v2\/tags?post=2501"}],"curies":[{"name":"wp","href":"https:\/\/api.w.org\/{rel}","templated":true}]}}