{"id":25057,"date":"2026-07-23T12:00:33","date_gmt":"2026-07-23T15:00:33","guid":{"rendered":"https:\/\/guiadenoticias.com.ar\/diario\/?p=25057"},"modified":"2026-09-03T03:39:31","modified_gmt":"2026-09-03T06:39:31","slug":"kicillof-y-ghi-inauguraron-el-centro-de-salud-papa-francisco","status":"publish","type":"post","link":"https:\/\/guiadenoticias.com.ar\/diario\/kicillof-y-ghi-inauguraron-el-centro-de-salud-papa-francisco\/","title":{"rendered":"Kicillof y Ghi inauguraron el Centro de Salud Papa Francisco"},"content":{"rendered":"<p>El gobernador de Buenos Aires, Axel Kicillof, y el intendente Lucas Ghi inauguraron el nuevo Centro de Atenci\u00f3n Primaria de la Salud (CAPS) Papa Francisco, ubicado en Castelar sur. El acto tambi\u00e9n cont\u00f3 con la participaci\u00f3n del ministro de Salud bonaerense, Nicol\u00e1s Kreplak; el ministro de Infraestructura y Servicios P\u00fablicos, Gabriel Katopodis; y funcionarios locales.<\/p>\n<p><strong>Durante el acto, Kicillof afirm\u00f3: \u201cQuienes gobiernan hoy la Argentina no reconocen la importancia de la salud p\u00fablica en nuestro pa\u00eds, vinieron a destruir el Estado y, con ello, a empeorar las condiciones de vida de nuestro pueblo. A ese modelo de deserci\u00f3n y crueldad, en la provincia de Buenos Aires le respondemos con hechos concretos que benefician a la gente.<\/strong> Este nuevo centro de salud es exactamente lo que Mor\u00f3n necesitaba para cuidar a sus vecinos\u201d.<\/p>\n<p>Asimismo, el jefe comunal destac\u00f3, \u201ceste es el tercer Centro de Salud que inaugura Axel aqu\u00ed, en Mor\u00f3n\u201d. Y agreg\u00f3 que \u201ceste centro de salud demuestra que el Estado puede ser eficiente para brindar respuestas\u201d.<\/p>\n<p>El nuevo CAPS cuenta con cuatro consultorios generales, un consultorio de ginecolog\u00eda y uno de odontolog\u00eda, adem\u00e1s de \u00e1reas de enfermer\u00eda, vacunatorio, farmacia y administraci\u00f3n. Tambi\u00e9n dispone de sanitarios adaptados, un Sal\u00f3n de Usos M\u00faltiples (SUM) y espacios de espera.<\/p>\n<p><strong>Cabe destacar que el nuevo edificio reemplaza al CAPS Almafuerte, que funcionaba en un espacio cedido por la Sociedad de Fomento Almafuerte.<\/strong> El Municipio adquiri\u00f3 el terreno, que hab\u00eda quedado abandonado, para convertirlo primero en un espacio destinado a las infancias y ahora tambi\u00e9n en este centro de salud. La nueva sede permite ampliar y mejorar las prestaciones en un edificio propio, especialmente dise\u00f1ado para optimizar la calidad de atenci\u00f3n de la comunidad.<\/p>\n","protected":false},"excerpt":{"rendered":"<p>El gobernador de Buenos Aires, Axel Kicillof, y el intendente Lucas Ghi inauguraron el nuevo Centro de Atenci\u00f3n Primaria de la Salud (CAPS) Papa Francisco, ubicado en Castelar sur. El acto tambi\u00e9n cont\u00f3 con la participaci\u00f3n del ministro de Salud bonaerense, Nicol\u00e1s Kreplak; el ministro de Infraestructura y Servicios P\u00fablicos, Gabriel Katopodis; y funcionarios locales. [&hellip;]<\/p>\n","protected":false},"author":1,"featured_media":25058,"comment_status":"closed","ping_status":"closed","sticky":false,"template":"","format":"standard","meta":{"footnotes":""},"categories":[28,20],"tags":[83,73,80],"class_list":["post-25057","post","type-post","status-publish","format-standard","has-post-thumbnail","category-moron","category-municipios","tag-axel-kicillof","tag-lucas-ghi","tag-salud"],"aioseo_notices":[],"aioseo_head":"\n\t\t<!-- All in One SEO 5.0.1.1 - aioseo.com -->\n\t<meta name=\"robots\" content=\"max-image-preview:large\" \/>\n\t<meta name=\"author\" content=\"Gu\u00eda de Noticias\"\/>\n\t<meta name=\"keywords\" content=\"axel kicillof,lucas ghi,salud,mor\u00f3n,municipios\" \/>\n\t<link rel=\"canonical\" href=\"https:\/\/guiadenoticias.com.ar\/diario\/kicillof-y-ghi-inauguraron-el-centro-de-salud-papa-francisco\/\" \/>\n\t<meta name=\"generator\" content=\"All in One SEO (AIOSEO) 5.0.1.1\" \/>\n\t\t<meta property=\"og:locale\" content=\"es_ES\" \/>\n\t\t<meta property=\"og:site_name\" content=\"Gu\u00eda de Noticias\" \/>\n\t\t<meta property=\"og:type\" content=\"article\" \/>\n\t\t<meta property=\"og:title\" content=\"Kicillof y Ghi inauguraron el Centro de Salud Papa Francisco |\" \/>\n\t\t<meta property=\"og:url\" content=\"https:\/\/guiadenoticias.com.ar\/diario\/kicillof-y-ghi-inauguraron-el-centro-de-salud-papa-francisco\/\" \/>\n\t\t<meta property=\"og:image\" content=\"https:\/\/guiadenoticias.com.ar\/diario\/wp-content\/uploads\/2026\/09\/aplausos.jpg\" \/>\n\t\t<meta property=\"og:image:secure_url\" content=\"https:\/\/guiadenoticias.com.ar\/diario\/wp-content\/uploads\/2026\/09\/aplausos.jpg\" \/>\n\t\t<meta property=\"og:image:width\" content=\"800\" \/>\n\t\t<meta property=\"og:image:height\" content=\"477\" \/>\n\t\t<meta property=\"article:published_time\" content=\"2026-07-23T15:00:33+00:00\" \/>\n\t\t<meta property=\"article:modified_time\" content=\"2026-09-03T06:39:31+00:00\" \/>\n\t\t<meta property=\"article:publisher\" content=\"https:\/\/www.facebook.com\/Guia-de-Noticias-1075696352450389\" \/>\n\t\t<!-- All in One SEO -->\n\n","aioseo_head_json":{"title":"Kicillof y Ghi inauguraron el Centro de Salud Papa Francisco |","description":"","canonical_url":"https:\/\/guiadenoticias.com.ar\/diario\/kicillof-y-ghi-inauguraron-el-centro-de-salud-papa-francisco\/","robots":"max-image-preview:large","keywords":"axel kicillof,lucas ghi,salud,mor\u00f3n,municipios","webmasterTools":{"miscellaneous":""},"schema":null,"og:locale":"es_ES","og:site_name":"Gu\u00eda de Noticias","og:type":"article","og:title":"Kicillof y Ghi inauguraron el Centro de Salud Papa Francisco |","og:url":"https:\/\/guiadenoticias.com.ar\/diario\/kicillof-y-ghi-inauguraron-el-centro-de-salud-papa-francisco\/","og:image":"https:\/\/guiadenoticias.com.ar\/diario\/wp-content\/uploads\/2026\/09\/aplausos.jpg","og:image:secure_url":"https:\/\/guiadenoticias.com.ar\/diario\/wp-content\/uploads\/2026\/09\/aplausos.jpg","og:image:width":800,"og:image:height":477,"article:published_time":"2026-07-23T15:00:33+00:00","article:modified_time":"2026-09-03T06:39:31+00:00","article:publisher":"https:\/\/www.facebook.com\/Guia-de-Noticias-1075696352450389"},"aioseo_meta_data":{"post_id":"25057","title":null,"description":null,"keywords":null,"keyphrases":{"focus":{"keyphrase":"","score":0,"analysis":{"keyphraseInTitle":{"score":0,"maxScore":9,"error":1}}},"additional":[]},"primary_term":null,"canonical_url":null,"og_title":null,"og_description":null,"og_object_type":"default","og_image_type":"default","og_image_url":null,"og_image_width":null,"og_image_height":null,"og_image_custom_url":null,"og_image_custom_fields":null,"og_video":"","og_custom_url":null,"og_article_section":null,"og_article_tags":null,"twitter_use_og":false,"twitter_card":"default","twitter_image_type":"default","twitter_image_url":null,"twitter_image_custom_url":null,"twitter_image_custom_fields":null,"twitter_title":null,"twitter_description":null,"schema":{"blockGraphs":[],"customGraphs":[],"default":{"data":{"Article":[],"Course":[],"Dataset":[],"FAQPage":[],"Movie":[],"Person":[],"Product":[],"ProductReview":[],"Car":[],"Recipe":[],"Service":[],"SoftwareApplication":[],"WebPage":[]},"graphName":"Article","isEnabled":true},"graphs":[]},"schema_type":"default","schema_type_options":null,"pillar_content":false,"robots_default":true,"robots_noindex":false,"robots_noarchive":false,"robots_nosnippet":false,"robots_nofollow":false,"robots_noimageindex":false,"robots_noodp":false,"robots_notranslate":false,"robots_max_snippet":"-1","robots_max_videopreview":"-1","robots_max_imagepreview":"large","priority":null,"frequency":"default","local_seo":null,"breadcrumb_settings":null,"limit_modified_date":false,"ai":{"faqs":[],"keyPoints":[],"schemas":[],"titles":[],"descriptions":[],"socialPosts":{"email":{"subject":"","preview":"","content":""},"linkedin":[],"twitter":[],"facebook":[],"instagram":[]}},"created":"2026-09-03 06:34:38","updated":"2026-09-03 06:39:31","seo_analyzer_scan_date":null,"focus_keyword":null,"additional_keywords":null,"truseo_locale":null},"_links":{"self":[{"href":"https:\/\/guiadenoticias.com.ar\/diario\/wp-json\/wp\/v2\/posts\/25057","targetHints":{"allow":["GET"]}}],"collection":[{"href":"https:\/\/guiadenoticias.com.ar\/diario\/wp-json\/wp\/v2\/posts"}],"about":[{"href":"https:\/\/guiadenoticias.com.ar\/diario\/wp-json\/wp\/v2\/types\/post"}],"author":[{"embeddable":true,"href":"https:\/\/guiadenoticias.com.ar\/diario\/wp-json\/wp\/v2\/users\/1"}],"replies":[{"embeddable":true,"href":"https:\/\/guiadenoticias.com.ar\/diario\/wp-json\/wp\/v2\/comments?post=25057"}],"version-history":[{"count":1,"href":"https:\/\/guiadenoticias.com.ar\/diario\/wp-json\/wp\/v2\/posts\/25057\/revisions"}],"predecessor-version":[{"id":25060,"href":"https:\/\/guiadenoticias.com.ar\/diario\/wp-json\/wp\/v2\/posts\/25057\/revisions\/25060"}],"wp:featuredmedia":[{"embeddable":true,"href":"https:\/\/guiadenoticias.com.ar\/diario\/wp-json\/wp\/v2\/media\/25058"}],"wp:attachment":[{"href":"https:\/\/guiadenoticias.com.ar\/diario\/wp-json\/wp\/v2\/media?parent=25057"}],"wp:term":[{"taxonomy":"category","embeddable":true,"href":"https:\/\/guiadenoticias.com.ar\/diario\/wp-json\/wp\/v2\/categories?post=25057"},{"taxonomy":"post_tag","embeddable":true,"href":"https:\/\/guiadenoticias.com.ar\/diario\/wp-json\/wp\/v2\/tags?post=25057"}],"curies":[{"name":"wp","href":"https:\/\/api.w.org\/{rel}","templated":true}]}}