{"id":2516,"date":"2016-06-03T00:22:41","date_gmt":"2016-06-03T03:22:41","guid":{"rendered":"http:\/\/guiadenoticias.com.ar\/diario\/?p=2516"},"modified":"2016-06-05T00:06:41","modified_gmt":"2016-06-05T03:06:41","slug":"cta-despues-de-la-marcha-viene-el-paro","status":"publish","type":"post","link":"https:\/\/guiadenoticias.com.ar\/diario\/cta-despues-de-la-marcha-viene-el-paro\/","title":{"rendered":"CTA: despu\u00e9s de la marcha viene el paro"},"content":{"rendered":"<p>Las dos CTA, comandadas por Pablo Micheli y Hugo Yasky\u00a0marcharon hasta la Plaza de Mayo en repudio a los despidos efectuados desde el 10 de diciembre, las medidas econ\u00f3mica del gobierno de Cambiemos y el veto a la Ley de Emergencia Ocupacional. Las grandes ausentes fueron las tres CGT de Cal\u00f3, Moyano y Barrionuevo.<\/p>\n<p>El titular de la CTA Aut\u00f3noma, Pablo Micheli, llam\u00f3 a realizar un paro nacional junto con la CTA de los Trabajadores de Yasky.\u00a0\u00abHacemos un llamamiento a los dem\u00e1s sindicatos, a las dem\u00e1s centrales: hay que construir un paro nacional, hay que parar el ajuste con un paro poderoso de todas las centrales. O lo hacemos todos juntos, o lo hacemos las dos CTA, pero paro va a haber\u00bb.<\/p>\n<p>El l\u00edder sindical agreg\u00f3 que el presidente argentino\u00a0\u00abpredica la moral con la bragueta abierta\u00bb al mencionar que \u00abtiene cuentas afuera\u00bb y criticar el acuerdo en el que se establecen cambios en la delegaci\u00f3n de funciones entre el Ministerio de Defensa y las Fuerzas Armadas. Por \u00faltimo, expres\u00f3 que las diferencias con Yazky siguen existiendo, pero continuar\u00e1 luchando por la unidad y que\u00a0\u00abes una actitud madura aceptar que se puede construir en la diversidad\u00bb.<\/p>\n<p>Por otro lado,\u00a0Yasky golpe\u00f3 al Gobierno al decir\u00a0\u00abgobierna para los que tienen plata\u00bb y reiterar que ante la continuidad de las medidas tomadas por el oficialismo\u00a0las dos fracciones de esa central est\u00e1n \u00abdispuestas\u00bb a \u00abretomar el camino de la unidad en acci\u00f3n\u00bb.\u00a0\u00abLe decimos a los dirigentes de la CGT que estamos dispuestos a retomar el camino de la unidad en acci\u00f3n, esto ped\u00edan a gritos en f\u00e1bricas, talleres y hospitales\u00bb, dijo seg\u00fan la agencia de noticias DyN,\u00a0y complet\u00f3: \u00abHay que estar a altura de ese mandato. Unidos somos invencibles, aunque gobiernen las clases dominantes\u00bb.<\/p>\n<p>Al referirse a la ley anti despidos sancionada por ambas c\u00e1maras\u00a0dijo que \u00abhace apenas un mes\u00bb el pa\u00eds contaba con una ley, aunque \u00abvino\u00bb el presidente Mauricio Macri y \u00abcon arrogancia y soberbia dijo &#8216;Yo soy el que manda, mi clase es la que manda&#8217;, y mand\u00f3 la ley al tacho de la basura\u00bb, en referencia al veto a esa normativa.<\/p>\n","protected":false},"excerpt":{"rendered":"<p>Las dos CTA, comandadas por Pablo Micheli y Hugo Yasky\u00a0marcharon hasta la Plaza de Mayo en repudio a los despidos efectuados desde el 10 de diciembre, las medidas econ\u00f3mica del gobierno de Cambiemos y el veto a la Ley de Emergencia Ocupacional. Las grandes ausentes fueron las tres CGT de Cal\u00f3, Moyano y Barrionuevo. El [&hellip;]<\/p>\n","protected":false},"author":1,"featured_media":2517,"comment_status":"closed","ping_status":"open","sticky":false,"template":"","format":"standard","meta":{"footnotes":""},"categories":[49,30,48],"tags":[],"class_list":{"0":"post-2516","1":"post","2":"type-post","3":"status-publish","4":"format-standard","5":"has-post-thumbnail","7":"category-economia-y-gremiales","8":"category-nacion","9":"category-politica-argentina"},"aioseo_notices":[],"_links":{"self":[{"href":"https:\/\/guiadenoticias.com.ar\/diario\/wp-json\/wp\/v2\/posts\/2516","targetHints":{"allow":["GET"]}}],"collection":[{"href":"https:\/\/guiadenoticias.com.ar\/diario\/wp-json\/wp\/v2\/posts"}],"about":[{"href":"https:\/\/guiadenoticias.com.ar\/diario\/wp-json\/wp\/v2\/types\/post"}],"author":[{"embeddable":true,"href":"https:\/\/guiadenoticias.com.ar\/diario\/wp-json\/wp\/v2\/users\/1"}],"replies":[{"embeddable":true,"href":"https:\/\/guiadenoticias.com.ar\/diario\/wp-json\/wp\/v2\/comments?post=2516"}],"version-history":[{"count":1,"href":"https:\/\/guiadenoticias.com.ar\/diario\/wp-json\/wp\/v2\/posts\/2516\/revisions"}],"predecessor-version":[{"id":2518,"href":"https:\/\/guiadenoticias.com.ar\/diario\/wp-json\/wp\/v2\/posts\/2516\/revisions\/2518"}],"wp:featuredmedia":[{"embeddable":true,"href":"https:\/\/guiadenoticias.com.ar\/diario\/wp-json\/wp\/v2\/media\/2517"}],"wp:attachment":[{"href":"https:\/\/guiadenoticias.com.ar\/diario\/wp-json\/wp\/v2\/media?parent=2516"}],"wp:term":[{"taxonomy":"category","embeddable":true,"href":"https:\/\/guiadenoticias.com.ar\/diario\/wp-json\/wp\/v2\/categories?post=2516"},{"taxonomy":"post_tag","embeddable":true,"href":"https:\/\/guiadenoticias.com.ar\/diario\/wp-json\/wp\/v2\/tags?post=2516"}],"curies":[{"name":"wp","href":"https:\/\/api.w.org\/{rel}","templated":true}]}}