{"id":2563,"date":"2016-06-05T20:36:43","date_gmt":"2016-06-05T23:36:43","guid":{"rendered":"http:\/\/guiadenoticias.com.ar\/diario\/?p=2563"},"modified":"2016-06-05T20:37:43","modified_gmt":"2016-06-05T23:37:43","slug":"andreotti-se-suma-al-reclamo-de-otorgarle-tarifa-social-a-entidades","status":"publish","type":"post","link":"https:\/\/guiadenoticias.com.ar\/diario\/andreotti-se-suma-al-reclamo-de-otorgarle-tarifa-social-a-entidades\/","title":{"rendered":"Andreotti se suma al reclamo de otorgarle tarifa social a entidades"},"content":{"rendered":"<p>El intendente de San Fernando, Luis Andreotti, realiz\u00f3 declaraciones a la prensa preocupado por no incluir a los clubes de barrios\u00a0y sociedades de fomento\u00a0dentro\u00a0de una\u00a0tarifa social.<\/p>\n<p>En este contexto, y a consecuencia de las quitas de subsidios en las tarifas de la luz y el gas, dichas entidades sufren los aumentos de estos servicios. Consultado por periodistas, el jefe comunal expres\u00f3: \u201cTienen un gran desconocimiento de la funci\u00f3n que realiza. Que no se los incluya dentro de la tarifa social, preocupa. La verdad es que desconocen el trabajo de inclusi\u00f3n que hacen los clubes y las sociedades de fomentos\u201d.<\/p>\n<p>Agreg\u00f3 que \u201crealizan un trabajo de contenci\u00f3n social que tendr\u00eda que hacer el Estado nacional y el provincial. La tarifa social tiene que ser una alternativa para ayudar a los que menos tienen y se debe extender para beneficiar particularmente a clubes de barrio, comedores y centros de jubilados, entre otras entidades de bien p\u00fablico\u201d.<\/p>\n<p>Por \u00faltimo, el intendente expres\u00f3, \u201cnosotros colaboramos peri\u00f3dicamente con ayuda econ\u00f3mica a estas y otras tantas instituciones como la Cruz Roja, los bomberos voluntarios, bibliotecas p\u00fablicas y centros de tercera edad. Porque creemos en su aporte a la comunidad, tratamos de estar presentes. En San Fernando fueron eximidas desde un comienzo del pago de tasas\u201d.<\/p>\n","protected":false},"excerpt":{"rendered":"<p>El intendente de San Fernando, Luis Andreotti, realiz\u00f3 declaraciones a la prensa preocupado por no incluir a los clubes de barrios\u00a0y sociedades de fomento\u00a0dentro\u00a0de una\u00a0tarifa social. En este contexto, y a consecuencia de las quitas de subsidios en las tarifas de la luz y el gas, dichas entidades sufren los aumentos de estos servicios. Consultado [&hellip;]<\/p>\n","protected":false},"author":1,"featured_media":2564,"comment_status":"closed","ping_status":"open","sticky":false,"template":"","format":"standard","meta":{"footnotes":""},"categories":[20,22],"tags":[],"class_list":{"0":"post-2563","1":"post","2":"type-post","3":"status-publish","4":"format-standard","5":"has-post-thumbnail","7":"category-municipios","8":"category-san-fernando"},"aioseo_notices":[],"_links":{"self":[{"href":"https:\/\/guiadenoticias.com.ar\/diario\/wp-json\/wp\/v2\/posts\/2563","targetHints":{"allow":["GET"]}}],"collection":[{"href":"https:\/\/guiadenoticias.com.ar\/diario\/wp-json\/wp\/v2\/posts"}],"about":[{"href":"https:\/\/guiadenoticias.com.ar\/diario\/wp-json\/wp\/v2\/types\/post"}],"author":[{"embeddable":true,"href":"https:\/\/guiadenoticias.com.ar\/diario\/wp-json\/wp\/v2\/users\/1"}],"replies":[{"embeddable":true,"href":"https:\/\/guiadenoticias.com.ar\/diario\/wp-json\/wp\/v2\/comments?post=2563"}],"version-history":[{"count":1,"href":"https:\/\/guiadenoticias.com.ar\/diario\/wp-json\/wp\/v2\/posts\/2563\/revisions"}],"predecessor-version":[{"id":2565,"href":"https:\/\/guiadenoticias.com.ar\/diario\/wp-json\/wp\/v2\/posts\/2563\/revisions\/2565"}],"wp:featuredmedia":[{"embeddable":true,"href":"https:\/\/guiadenoticias.com.ar\/diario\/wp-json\/wp\/v2\/media\/2564"}],"wp:attachment":[{"href":"https:\/\/guiadenoticias.com.ar\/diario\/wp-json\/wp\/v2\/media?parent=2563"}],"wp:term":[{"taxonomy":"category","embeddable":true,"href":"https:\/\/guiadenoticias.com.ar\/diario\/wp-json\/wp\/v2\/categories?post=2563"},{"taxonomy":"post_tag","embeddable":true,"href":"https:\/\/guiadenoticias.com.ar\/diario\/wp-json\/wp\/v2\/tags?post=2563"}],"curies":[{"name":"wp","href":"https:\/\/api.w.org\/{rel}","templated":true}]}}