{"id":2622,"date":"2016-06-09T03:32:07","date_gmt":"2016-06-09T06:32:07","guid":{"rendered":"http:\/\/guiadenoticias.com.ar\/diario\/?p=2622"},"modified":"2016-06-09T03:32:32","modified_gmt":"2016-06-09T06:32:32","slug":"buenos-aires-emitio-deuda-por-1-000-millones-de-dolares","status":"publish","type":"post","link":"https:\/\/guiadenoticias.com.ar\/diario\/buenos-aires-emitio-deuda-por-1-000-millones-de-dolares\/","title":{"rendered":"Buenos Aires emiti\u00f3 deuda por 1.000 millones de d\u00f3lares"},"content":{"rendered":"<p>La provincia de Buenos Aires inform\u00f3 este mi\u00e9rcoles que realiz\u00f3 una emisi\u00f3n internacional de bonos por un total de 1.000 millones de d\u00f3lares, en dos bonos con tasas del 5,75 y 7,87 por ciento anual, respectivamente.<\/p>\n<p>\u00abEsta tasa es la m\u00e1s baja que paga la provincia en su historia. Colocamos a casi la mitad de tasa de lo que coloc\u00f3 la gesti\u00f3n anterior hace un a\u00f1o\u00bb, destac\u00f3 el ministro de Econom\u00eda, Hern\u00e1n Lacunza, respecto de la primera de las colocaciones mencionadas.<\/p>\n<p>Los bonos fueron de 500 millones de d\u00f3lares cada uno, el de 5,75 por ciento tiene vencimiento a tres a\u00f1os (amortiza \u00edntegramente al final del tercer a\u00f1o) y el de 7,87 por ciento es un t\u00edtulo a diez a\u00f1os de vida promedio, con vencimiento en los a\u00f1os nueve, diez y once, detall\u00f3 Econom\u00eda en un comunicado.<\/p>\n<p>La Provincia recibi\u00f3 ofertas por m\u00e1s de 4.500 millones, m\u00e1s de cuatro veces el monto aceptado, y los fondos ser\u00e1n dirigidos a financiar el plan de inversi\u00f3n p\u00fablica en infraestructura.<\/p>\n<p>\u00abEsta tasa es la m\u00e1s baja que paga la provincia en su historia. Colocamos a casi la mitad de tasa de lo que coloc\u00f3 la gesti\u00f3n anterior hace un a\u00f1o. Eso demuestra la confianza que la gobernadora (Mar\u00eda Eugenia) Vidal y su gesti\u00f3n generan hoy a nivel internacional\u00bb, remarc\u00f3 Lacunza.<\/p>\n","protected":false},"excerpt":{"rendered":"<p>La provincia de Buenos Aires inform\u00f3 este mi\u00e9rcoles que realiz\u00f3 una emisi\u00f3n internacional de bonos por un total de 1.000 millones de d\u00f3lares, en dos bonos con tasas del 5,75 y 7,87 por ciento anual, respectivamente. \u00abEsta tasa es la m\u00e1s baja que paga la provincia en su historia. Colocamos a casi la mitad de [&hellip;]<\/p>\n","protected":false},"author":1,"featured_media":2623,"comment_status":"closed","ping_status":"open","sticky":false,"template":"","format":"standard","meta":{"footnotes":""},"categories":[49,48,31],"tags":[],"class_list":{"0":"post-2622","1":"post","2":"type-post","3":"status-publish","4":"format-standard","5":"has-post-thumbnail","7":"category-economia-y-gremiales","8":"category-politica-argentina","9":"category-provincia"},"aioseo_notices":[],"_links":{"self":[{"href":"https:\/\/guiadenoticias.com.ar\/diario\/wp-json\/wp\/v2\/posts\/2622","targetHints":{"allow":["GET"]}}],"collection":[{"href":"https:\/\/guiadenoticias.com.ar\/diario\/wp-json\/wp\/v2\/posts"}],"about":[{"href":"https:\/\/guiadenoticias.com.ar\/diario\/wp-json\/wp\/v2\/types\/post"}],"author":[{"embeddable":true,"href":"https:\/\/guiadenoticias.com.ar\/diario\/wp-json\/wp\/v2\/users\/1"}],"replies":[{"embeddable":true,"href":"https:\/\/guiadenoticias.com.ar\/diario\/wp-json\/wp\/v2\/comments?post=2622"}],"version-history":[{"count":1,"href":"https:\/\/guiadenoticias.com.ar\/diario\/wp-json\/wp\/v2\/posts\/2622\/revisions"}],"predecessor-version":[{"id":2624,"href":"https:\/\/guiadenoticias.com.ar\/diario\/wp-json\/wp\/v2\/posts\/2622\/revisions\/2624"}],"wp:featuredmedia":[{"embeddable":true,"href":"https:\/\/guiadenoticias.com.ar\/diario\/wp-json\/wp\/v2\/media\/2623"}],"wp:attachment":[{"href":"https:\/\/guiadenoticias.com.ar\/diario\/wp-json\/wp\/v2\/media?parent=2622"}],"wp:term":[{"taxonomy":"category","embeddable":true,"href":"https:\/\/guiadenoticias.com.ar\/diario\/wp-json\/wp\/v2\/categories?post=2622"},{"taxonomy":"post_tag","embeddable":true,"href":"https:\/\/guiadenoticias.com.ar\/diario\/wp-json\/wp\/v2\/tags?post=2622"}],"curies":[{"name":"wp","href":"https:\/\/api.w.org\/{rel}","templated":true}]}}