{"id":2679,"date":"2016-06-13T19:03:21","date_gmt":"2016-06-13T22:03:21","guid":{"rendered":"http:\/\/guiadenoticias.com.ar\/diario\/?p=2679"},"modified":"2016-06-13T19:04:05","modified_gmt":"2016-06-13T22:04:05","slug":"la-oposicion-difundio-niveles-inflacionarios-alarmantes","status":"publish","type":"post","link":"https:\/\/guiadenoticias.com.ar\/diario\/la-oposicion-difundio-niveles-inflacionarios-alarmantes\/","title":{"rendered":"La oposici\u00f3n difundi\u00f3 niveles inflacionarios alarmantes"},"content":{"rendered":"<p>Si bien la tasa del mes se desaceler\u00f3 a 3,5%, luego del pico de 6,7% anotado en abril, el acumulado de los \u00faltimos doce meses se intensific\u00f3 a 43,6%, la m\u00e1s alta desde 1990, cuando el pa\u00eds comenzaba a transitar el camino de salida de la hiperinflaci\u00f3n que hizo pico en 1989.<\/p>\n<p>Tres factores confluyeron para que la inflaci\u00f3n desacelerara su impulso en el \u00e1mbito de la Ciudad de Buenos Aires en mayo: el menor impacto de la suba de las tarifas de los servicios p\u00fablicos, m\u00e1s a\u00fan luego de las marchas y contramarchas que dispuso el gobierno nacional; la firmeza del Banco Central en contener la tasa de creaci\u00f3n de dinero primario y la retracci\u00f3n de la demanda de los consumidores, en particular de bienes de consumo no durables, como alimentos, por parte de aquellos que a\u00fan no hab\u00edan recibido aumentos de salarios desde el cambio de gobierno.<\/p>\n<p>Pero, por el contrario,\u00a0al resultar la tasa mensual que informaron los legisladores de la oposici\u00f3n encabezados por el diputado Sergio Massa superior a la de un a\u00f1o antes, la tasa interanual se aceler\u00f3 a 43,6%, la m\u00e1s alta desde la hiperinflaci\u00f3n que se extendi\u00f3 hasta fines de 1990.<\/p>\n<p>En dos d\u00edas el Indec volver\u00e1 a difundir su \u00cdndice de Precios al Consumidor, con la variaci\u00f3n respecto de abril, despu\u00e9s de seis meses de silencio estad\u00edstico, por la emergencia que declar\u00f3 el director general\u00a0del organismo, Jorge Todesca.<\/p>\n<p>Para la consultora Abeceb que dirige Dante Sica, la inflaci\u00f3n de mayo se ubic\u00f3 en 4% en relaci\u00f3n a abril, en l\u00ednea con las proyecciones de otros analistas privados, como Ecolatina cercana al 3,5%, mientras que el relevamiento de Elypsis arroj\u00f3 3,4%; el economista de la Fundaci\u00f3n Libertad y Progreso Aldo Abram estim\u00f3 alrededor del 3% y Camilo Tiscornia y Asociados 3,1%, similar al resultado del relevamiento de FIEL.<\/p>\n<p>Semejante nivel, que para el caso de la inflaci\u00f3n n\u00facleo se estim\u00f3 en 2,5% para el \u00faltimo mes, supera la meta anualizada que se fij\u00f3 el Gobierno de 25%, determin\u00f3 que Sergio Massa pidiera al Gobierno que \u00absuspenda los aumentos de tarifas para el resto del a\u00f1o\u00bb, pese a que con los \u00faltimos ajustes apenas se cubre un tercio del costo de generaci\u00f3n de energ\u00eda el\u00e9ctrica.<\/p>\n<p>Adem\u00e1s, el ex presidente del Banco Central, Aldo Pignanelli, tambi\u00e9n del\u00a0Frente Renovador, destac\u00f3 que con la inflaci\u00f3n de mayo \u00abla Argentina se mantiene en el tercer lugar en el mundo, detr\u00e1s de Sud\u00e1n y Ucrania, que est\u00e1n con guerra civil, y Venezuela, lo que refleja los problemas de poder adquisitivo de la gente, y afecta las decisiones de inversiones de las empresas, por eso vemos que el Gobierno se est\u00e1 preocupando de esto, y va a complicar el objetivo de 25% para todo el a\u00f1o con medidas que conducir\u00e1n a mayores aumentos en los pr\u00f3ximos meses\u00bb.<\/p>\n<p>Y agreg\u00f3: \u00abCon las medidas que est\u00e1 tomando el Gobierno, en materia de pol\u00edtica fiscal y monetaria, es improbable que la tasa de inflaci\u00f3n baje del 2% a 2,5% por mes que registra la inflaci\u00f3n sin los aumentos de tarifas\u00bb.<\/p>\n<p>Lo cierto es que \u00abla normalizaci\u00f3n de la econom\u00eda\u00bb, como dicen los ministros de Cambiemos, que comenz\u00f3 con el levantamiento del cepo cambiario, la eliminaci\u00f3n de gran parte de las retenciones a las exportaciones, el pago de la deuda a los holdouts y el regreso al mercado internacional de deuda, el \u00edndice general de precios al consumidor salt\u00f3 a niveles que no se ve\u00edan desde fines de los 80, principios de los 90.<\/p>\n<p>Sin embargo, la \u00abjudicializaci\u00f3n de los ajustes tarifarios\u00bb, provocar\u00e1n en el corriente mes de junio una nueva desaceleraci\u00f3n de la suba del \u00edndice general de precios al consumidor, en particular en el \u00e1rea del Gran Buenos Aires, y en los extremos norte y sur del pa\u00eds.<\/p>\n<p>Cabe destacar que por un par de puntos porcentuales, la Inflaci\u00f3n Congreso de los \u00faltimos doce meses\u00a0super\u00f3 incluso el pico que hab\u00eda alcanzado en 2014, tras la devaluaci\u00f3n sin plan que hab\u00eda dispuesto el anterior ministro de Econom\u00eda, y ahora diputado nacional, Axel Kicillof.<\/p>\n","protected":false},"excerpt":{"rendered":"<p>Si bien la tasa del mes se desaceler\u00f3 a 3,5%, luego del pico de 6,7% anotado en abril, el acumulado de los \u00faltimos doce meses se intensific\u00f3 a 43,6%, la m\u00e1s alta desde 1990, cuando el pa\u00eds comenzaba a transitar el camino de salida de la hiperinflaci\u00f3n que hizo pico en 1989. Tres factores confluyeron [&hellip;]<\/p>\n","protected":false},"author":1,"featured_media":2680,"comment_status":"closed","ping_status":"open","sticky":false,"template":"","format":"standard","meta":{"footnotes":""},"categories":[49,30,48],"tags":[],"class_list":{"0":"post-2679","1":"post","2":"type-post","3":"status-publish","4":"format-standard","5":"has-post-thumbnail","7":"category-economia-y-gremiales","8":"category-nacion","9":"category-politica-argentina"},"aioseo_notices":[],"_links":{"self":[{"href":"https:\/\/guiadenoticias.com.ar\/diario\/wp-json\/wp\/v2\/posts\/2679","targetHints":{"allow":["GET"]}}],"collection":[{"href":"https:\/\/guiadenoticias.com.ar\/diario\/wp-json\/wp\/v2\/posts"}],"about":[{"href":"https:\/\/guiadenoticias.com.ar\/diario\/wp-json\/wp\/v2\/types\/post"}],"author":[{"embeddable":true,"href":"https:\/\/guiadenoticias.com.ar\/diario\/wp-json\/wp\/v2\/users\/1"}],"replies":[{"embeddable":true,"href":"https:\/\/guiadenoticias.com.ar\/diario\/wp-json\/wp\/v2\/comments?post=2679"}],"version-history":[{"count":1,"href":"https:\/\/guiadenoticias.com.ar\/diario\/wp-json\/wp\/v2\/posts\/2679\/revisions"}],"predecessor-version":[{"id":2681,"href":"https:\/\/guiadenoticias.com.ar\/diario\/wp-json\/wp\/v2\/posts\/2679\/revisions\/2681"}],"wp:featuredmedia":[{"embeddable":true,"href":"https:\/\/guiadenoticias.com.ar\/diario\/wp-json\/wp\/v2\/media\/2680"}],"wp:attachment":[{"href":"https:\/\/guiadenoticias.com.ar\/diario\/wp-json\/wp\/v2\/media?parent=2679"}],"wp:term":[{"taxonomy":"category","embeddable":true,"href":"https:\/\/guiadenoticias.com.ar\/diario\/wp-json\/wp\/v2\/categories?post=2679"},{"taxonomy":"post_tag","embeddable":true,"href":"https:\/\/guiadenoticias.com.ar\/diario\/wp-json\/wp\/v2\/tags?post=2679"}],"curies":[{"name":"wp","href":"https:\/\/api.w.org\/{rel}","templated":true}]}}