{"id":2692,"date":"2016-06-14T01:23:08","date_gmt":"2016-06-14T04:23:08","guid":{"rendered":"http:\/\/guiadenoticias.com.ar\/diario\/?p=2692"},"modified":"2016-06-14T01:27:20","modified_gmt":"2016-06-14T04:27:20","slug":"mazzeo-el-trabajo-precario-busca-tener-rehenes-politicos","status":"publish","type":"post","link":"https:\/\/guiadenoticias.com.ar\/diario\/mazzeo-el-trabajo-precario-busca-tener-rehenes-politicos\/","title":{"rendered":"Mazzeo: \u201cEl trabajo precario busca tener rehenes pol\u00edticos\u201d"},"content":{"rendered":"<p>El intendente de Tres de Febrero, Diego Valenzuela, anunci\u00f3 una serie de beneficios destinados a los municipales, desde el 1 de julio. El concejal Ra\u00fal Mazzeo, proveniente del Sindicato de Trabajadores Municipales, consider\u00f3 que \u201chablamos de dignificaci\u00f3n y estabilidad en el empleo. Tiene m\u00e1s que ver con los derechos del trabajador que con una erogaci\u00f3n significativa en el presupuesto\u201d.<\/p>\n<p>En di\u00e1logo con Gu\u00eda de Noticias remarc\u00f3: \u201cLo primero que tenemos que destacar es la terrible situaci\u00f3n que tenemos los municipios de la Provincia, que tiene que ver con la precarizaci\u00f3n laboral. O sea el personal que no tiene estabilidad en planta, a pesar de que cumple las mismas funciones que los trabajadores efectivizados\u201d.<\/p>\n<p>El jefe comunal adelant\u00f3 el pase a planta permanente de una gran cantidad de mensualizados, comenzando por los m\u00e1s antiguos, dentro de un esquema general de efectivizaci\u00f3n de todos los trabajadores. A su vez, los monotributistas pasar\u00e1n a ser contratados, \u201cotro mal es la tercerizaci\u00f3n de la mano de obra, que si bien es una figura prevista para tareas excepcionales, se volvi\u00f3 una plaga en los \u00faltimos a\u00f1os\u201d, se\u00f1al\u00f3. Habr\u00e1 tambi\u00e9n un plus por la terminalidad educativa: 500 pesos por \u00fanica vez para quienes terminen la secundaria<\/p>\n<p>Adem\u00e1s, record\u00f3, \u201cel plan de Diego Valenzuela, que fue una propuesta de campa\u00f1a, cuando fue el \u00fanico candidato que hizo una propuesta concreta para dignificar la carrera del trabajador municipal\u201d. El presidente de la Comisi\u00f3n de Trabajo concluy\u00f3 que \u201cesta fue una decisi\u00f3n pol\u00edtica del intendente. Hasta el 10 de diciembre se hablaba, pero no hab\u00eda una decisi\u00f3n pol\u00edtica\u201d.<\/p>\n<p>\u201cVemos que a pocos meses de haber asumido empieza a dar pasos concretos\u201d, mencion\u00f3, y agreg\u00f3, \u201ctuvimos uno de los mejores aumentos de la Provincia y el descongelamiento de las bonificaciones, que llev\u00f3 a m\u00e1s del 90 por ciento de aumento\u201d.<\/p>\n<p>As\u00ed como rescat\u00f3 la iniciativa del intendente de Cambiemos, Mazzeo carg\u00f3 contra la gesti\u00f3n de Curto: \u201cNo basta decirse peronista, sino que hay que actuar como peronista. El sistema de trabajo precario no es casualidad, con eso se busca tener de rehenes pol\u00edticos. La estabilidad en el empleo p\u00fablico es una garant\u00eda constitucional, para que el trabajador tenga la posibilidad de decir que no\u201d.<\/p>\n<p><strong>BR\u00daJULA POL\u00cdTICA<\/strong><\/p>\n<p>Sus lineamientos en el recinto le trajeron fuertes cr\u00edticas del bloque UNA \u2013 Frente Renovador. Consultado por su situaci\u00f3n partidaria actual, coment\u00f3 que \u201cformo parte del Frente Renovador, todos sabemos que el FR en Tres de Febrero est\u00e1 dividido en dos bloques. Junto con Susana Berisso y Diego Achilli apoyamos en su momento a Sergio Massa a nivel nacional, a Felipe Sol\u00e1 como gobernador, pero en el distrito apoyamos a Diego Valenzuela como candidato a intendente, porque nos parec\u00eda que era quien ten\u00eda mayores probabilidades de ganarle a Curto y reun\u00eda mejores requisitos que el candidato propio\u201d.<\/p>\n<p>\u201cVemos que en los inicios de la gesti\u00f3n esto se sigue sosteniendo. Valenzuela arranc\u00f3 con medidas que a mi entender son dignas de ser apoyadas. Desde mi \u00f3ptica de dirigente gremial, lo que hizo Diego Valenzuela es in\u00e9dito. Entonces no voy a retacear mi apoyo a su gesti\u00f3n en aras de una cuesti\u00f3n ideol\u00f3gica\u201d, manifest\u00f3 Mazzeo.<\/p>\n<p>Y, horas antes de compartir actividad con el diputado nacional, desliz\u00f3: \u201cCreo que Sergio Massa en este momento piensa m\u00e1s o menos como nosotros. Apoya las medidas que considera correctas a nivel nacional y critica las que cree que son incorrectas. En 2016 hay que dar un a\u00f1o de cr\u00e9dito a los gobiernos, para que vean la capacidad de desarrollo que tienen. Para 2017 ser\u00e1 otra cuesti\u00f3n\u201d.<\/p>\n","protected":false},"excerpt":{"rendered":"<p>El intendente de Tres de Febrero, Diego Valenzuela, anunci\u00f3 una serie de beneficios destinados a los municipales, desde el 1 de julio. El concejal Ra\u00fal Mazzeo, proveniente del Sindicato de Trabajadores Municipales, consider\u00f3 que \u201chablamos de dignificaci\u00f3n y estabilidad en el empleo. Tiene m\u00e1s que ver con los derechos del trabajador que con una erogaci\u00f3n [&hellip;]<\/p>\n","protected":false},"author":1,"featured_media":2693,"comment_status":"closed","ping_status":"open","sticky":false,"template":"","format":"standard","meta":{"footnotes":""},"categories":[49,20,48,26],"tags":[],"class_list":{"0":"post-2692","1":"post","2":"type-post","3":"status-publish","4":"format-standard","5":"has-post-thumbnail","7":"category-economia-y-gremiales","8":"category-municipios","9":"category-politica-argentina","10":"category-tres-de-febrero"},"aioseo_notices":[],"_links":{"self":[{"href":"https:\/\/guiadenoticias.com.ar\/diario\/wp-json\/wp\/v2\/posts\/2692","targetHints":{"allow":["GET"]}}],"collection":[{"href":"https:\/\/guiadenoticias.com.ar\/diario\/wp-json\/wp\/v2\/posts"}],"about":[{"href":"https:\/\/guiadenoticias.com.ar\/diario\/wp-json\/wp\/v2\/types\/post"}],"author":[{"embeddable":true,"href":"https:\/\/guiadenoticias.com.ar\/diario\/wp-json\/wp\/v2\/users\/1"}],"replies":[{"embeddable":true,"href":"https:\/\/guiadenoticias.com.ar\/diario\/wp-json\/wp\/v2\/comments?post=2692"}],"version-history":[{"count":3,"href":"https:\/\/guiadenoticias.com.ar\/diario\/wp-json\/wp\/v2\/posts\/2692\/revisions"}],"predecessor-version":[{"id":2696,"href":"https:\/\/guiadenoticias.com.ar\/diario\/wp-json\/wp\/v2\/posts\/2692\/revisions\/2696"}],"wp:featuredmedia":[{"embeddable":true,"href":"https:\/\/guiadenoticias.com.ar\/diario\/wp-json\/wp\/v2\/media\/2693"}],"wp:attachment":[{"href":"https:\/\/guiadenoticias.com.ar\/diario\/wp-json\/wp\/v2\/media?parent=2692"}],"wp:term":[{"taxonomy":"category","embeddable":true,"href":"https:\/\/guiadenoticias.com.ar\/diario\/wp-json\/wp\/v2\/categories?post=2692"},{"taxonomy":"post_tag","embeddable":true,"href":"https:\/\/guiadenoticias.com.ar\/diario\/wp-json\/wp\/v2\/tags?post=2692"}],"curies":[{"name":"wp","href":"https:\/\/api.w.org\/{rel}","templated":true}]}}