{"id":2743,"date":"2016-06-16T01:11:25","date_gmt":"2016-06-16T04:11:25","guid":{"rendered":"http:\/\/guiadenoticias.com.ar\/diario\/?p=2743"},"modified":"2016-06-16T01:11:35","modified_gmt":"2016-06-16T04:11:35","slug":"katopodis-se-reunio-con-camaras-industriales-pymes-y-comercios","status":"publish","type":"post","link":"https:\/\/guiadenoticias.com.ar\/diario\/katopodis-se-reunio-con-camaras-industriales-pymes-y-comercios\/","title":{"rendered":"Katopodis se reuni\u00f3 con c\u00e1maras industriales, PyMEs y comercios"},"content":{"rendered":"<p>El intendente de San Mart\u00edn, Gabriel Katopodis, se reuni\u00f3 con representantes de la C\u00e1mara Econ\u00f3mica Sanmartinense para trabajar en una agenda conjunta y realizar\u00a0un seguimiento de cada sector\u00a0frente a la dif\u00edcil situaci\u00f3n econ\u00f3mica.<\/p>\n<p>Al respecto, el jefe comunal se\u00f1al\u00f3: \u201cEstamos preocupados por la situaci\u00f3n de las PyMEs en San Mart\u00edn, han sido seis meses dif\u00edciles en un contexto de tarifazo, de apertura de las importaciones, y de ca\u00edda del consumo y la actividad econ\u00f3mica.\u00a0Vamos a acompa\u00f1ar y a reclamar soluciones al gobierno nacional\u201d.<\/p>\n<p>Y agreg\u00f3: \u201cNo hay proyecto de pa\u00eds sin pol\u00edtica industrial y sin PyMEs. Hay que cuidarlas porque son el motor de la econom\u00eda nacional y generan puestos de trabajo\u201d.<\/p>\n<p>En el encuentro estuvieron presentes el subsecretario de Producci\u00f3n y Desarrollo Econ\u00f3mico, Alejandro Tsolis; y representantes de la C\u00e1mara Argentina de Peque\u00f1as y Medianas Empresas; la\u00a0Asociaci\u00f3n de Industria, Comercio y Afines de Villa Maip\u00fa; la Liga de Comercio y la Industria de San Mart\u00edn; laC\u00e1mara Empresaria Sanmartinense; la\u00a0Asociaci\u00f3n Civil de Empresarias y Profesionales; la\u00a0C\u00e1mara Empresaria de San Mart\u00edn; la\u00a0Asociaci\u00f3n de Trabajadores Independientes; y la\u00a0Uni\u00f3n Industrial local.<\/p>\n<p>Adem\u00e1s, el intendente ya se\u00a0hab\u00eda reunido con\u00a0representantes de los gremios, a fin de evaluar la situaci\u00f3n actual de los trabajadores y poner a disposici\u00f3n todas las herramientas del municipio.<\/p>\n","protected":false},"excerpt":{"rendered":"<p>El intendente de San Mart\u00edn, Gabriel Katopodis, se reuni\u00f3 con representantes de la C\u00e1mara Econ\u00f3mica Sanmartinense para trabajar en una agenda conjunta y realizar\u00a0un seguimiento de cada sector\u00a0frente a la dif\u00edcil situaci\u00f3n econ\u00f3mica. Al respecto, el jefe comunal se\u00f1al\u00f3: \u201cEstamos preocupados por la situaci\u00f3n de las PyMEs en San Mart\u00edn, han sido seis meses dif\u00edciles [&hellip;]<\/p>\n","protected":false},"author":1,"featured_media":2744,"comment_status":"closed","ping_status":"open","sticky":false,"template":"","format":"standard","meta":{"footnotes":""},"categories":[20,48,24],"tags":[],"class_list":{"0":"post-2743","1":"post","2":"type-post","3":"status-publish","4":"format-standard","5":"has-post-thumbnail","7":"category-municipios","8":"category-politica-argentina","9":"category-san-martin"},"aioseo_notices":[],"_links":{"self":[{"href":"https:\/\/guiadenoticias.com.ar\/diario\/wp-json\/wp\/v2\/posts\/2743","targetHints":{"allow":["GET"]}}],"collection":[{"href":"https:\/\/guiadenoticias.com.ar\/diario\/wp-json\/wp\/v2\/posts"}],"about":[{"href":"https:\/\/guiadenoticias.com.ar\/diario\/wp-json\/wp\/v2\/types\/post"}],"author":[{"embeddable":true,"href":"https:\/\/guiadenoticias.com.ar\/diario\/wp-json\/wp\/v2\/users\/1"}],"replies":[{"embeddable":true,"href":"https:\/\/guiadenoticias.com.ar\/diario\/wp-json\/wp\/v2\/comments?post=2743"}],"version-history":[{"count":1,"href":"https:\/\/guiadenoticias.com.ar\/diario\/wp-json\/wp\/v2\/posts\/2743\/revisions"}],"predecessor-version":[{"id":2745,"href":"https:\/\/guiadenoticias.com.ar\/diario\/wp-json\/wp\/v2\/posts\/2743\/revisions\/2745"}],"wp:featuredmedia":[{"embeddable":true,"href":"https:\/\/guiadenoticias.com.ar\/diario\/wp-json\/wp\/v2\/media\/2744"}],"wp:attachment":[{"href":"https:\/\/guiadenoticias.com.ar\/diario\/wp-json\/wp\/v2\/media?parent=2743"}],"wp:term":[{"taxonomy":"category","embeddable":true,"href":"https:\/\/guiadenoticias.com.ar\/diario\/wp-json\/wp\/v2\/categories?post=2743"},{"taxonomy":"post_tag","embeddable":true,"href":"https:\/\/guiadenoticias.com.ar\/diario\/wp-json\/wp\/v2\/tags?post=2743"}],"curies":[{"name":"wp","href":"https:\/\/api.w.org\/{rel}","templated":true}]}}