{"id":2857,"date":"2016-06-23T02:58:04","date_gmt":"2016-06-23T05:58:04","guid":{"rendered":"http:\/\/guiadenoticias.com.ar\/diario\/?p=2857"},"modified":"2016-06-23T02:58:18","modified_gmt":"2016-06-23T05:58:18","slug":"alerta-en-la-union-ferroviaria-por-proyecto-de-metrobus-costero","status":"publish","type":"post","link":"https:\/\/guiadenoticias.com.ar\/diario\/alerta-en-la-union-ferroviaria-por-proyecto-de-metrobus-costero\/","title":{"rendered":"Alerta en la Uni\u00f3n Ferroviaria por proyecto de Metrobus costero"},"content":{"rendered":"<p>A principio de mes, la Uni\u00f3n Ferroviaria seccional Victoria de San Fernando se enter\u00f3 de un proyecto que algunos intendentes del recorrido norte le habr\u00edan acercado al gobierno nacional sobre la construcci\u00f3n de un Metrobus costero, lindero al Tren de la Costa.<\/p>\n<p>Luego de esta informaci\u00f3n y en conjunto con los pocos mantenimientos que la empresa realiza sobre su servicio, trabajando con menos formaciones, el gremio que conduce Mario \u201cOso\u201d Rodr\u00edguez entr\u00f3 en estado de alerta.<\/p>\n<p>En un comunicado la seccional expreso: \u201cLos municipios de zona norte le presentan al gobierno nacional la propuesta de hacer un Metrobus en reemplazo de nuestra l\u00ednea ferroviaria, sin saber cu\u00e1l ser\u00e1 la respuesta del Estado. En este marco y sospechosamente, la empresa decide suspender los servicios de mantenimiento de la l\u00ednea alentando as\u00ed la posici\u00f3n de los intendentes para darles argumentos\u201d.<\/p>\n<p>Sobre el comunicado y la situaci\u00f3n general, Gu\u00eda de Noticias consult\u00f3 al \u201cOso\u201d Rodr\u00edguez: \u201cDespu\u00e9s de que tomamos conocimiento del proyecto por parte de los intendentes de Tigre y San Isidro iniciamos una serie de reclamos y empezamos una negociaci\u00f3n con el gobierno nacional a trav\u00e9s del Ministerio de Transporte y negaron esa posibilidad. Se est\u00e1n pasando la pelota. Lo que queremos es que se reactive la l\u00ednea y se invierta en el tren\u201d.<\/p>\n<p>Adem\u00e1s, sobre la medida de fuerza anunciada expres\u00f3 que \u201clo hab\u00edamos anunciado para el 10 de este mes. Pero luego se abrieron los canales de di\u00e1logo y el jueves pasado, previo al 10, fuimos convocados por el Ministerio y se abri\u00f3 una negociaci\u00f3n. Ahora vamos a esperar diez d\u00edas m\u00e1s y si no hay soluci\u00f3n tomaremos las medidas de fuerza. Nos vamos a reunir nuevamente para que nos muestren el plan de inversiones que tiene pensado para el Tren de la Costa\u201d.<\/p>\n<p>Por \u00faltimo habl\u00f3 sobre el v\u00ednculo del gremio con los jefes comunales, pero apunt\u00f3 especialmente hacia Posse y Zamora. \u201cEstuvimos con autoridades de San Fernando y sabemos que est\u00e1n de acuerdo con nosotros. Les parece una locura lo del Metrobus Costero. Sabemos que son Posse y Zamora los promotores de esta idea, y sobre todo nos llama la atenci\u00f3n por parte de Zamora, que es un dirigente de origen ferroviario\u201d.<\/p>\n<p>Consultado sobre el tema, Santiago Aparicio, presidente del Concejo Deliberante de San Fernando y hombre cercano de Luis Andreotti, \u00a0afirm\u00f3 a Gu\u00eda de Noticias que \u201cno cabe ninguna posibilidad que nuestro municipio vea esto viable. Armamos todo un recorrido deportivo para los vecinos en nuestra costa y es un lugar tranquilo de paseo por donde la circulaci\u00f3n de colectivos y un Metrobus no encajan\u201d. Y por \u00faltimo remat\u00f3: \u201cSi quieren hacer algo ah\u00ed que extiendan el servicio de ese tren o lo pongan con m\u00e1s frecuencia, pero hacer algo sobre lo que ya est\u00e1 funcionando no es viable\u201d.<\/p>\n","protected":false},"excerpt":{"rendered":"<p>A principio de mes, la Uni\u00f3n Ferroviaria seccional Victoria de San Fernando se enter\u00f3 de un proyecto que algunos intendentes del recorrido norte le habr\u00edan acercado al gobierno nacional sobre la construcci\u00f3n de un Metrobus costero, lindero al Tren de la Costa. Luego de esta informaci\u00f3n y en conjunto con los pocos mantenimientos que la [&hellip;]<\/p>\n","protected":false},"author":1,"featured_media":2858,"comment_status":"closed","ping_status":"open","sticky":false,"template":"","format":"standard","meta":{"footnotes":""},"categories":[49,20,22],"tags":[],"class_list":{"0":"post-2857","1":"post","2":"type-post","3":"status-publish","4":"format-standard","5":"has-post-thumbnail","7":"category-economia-y-gremiales","8":"category-municipios","9":"category-san-fernando"},"aioseo_notices":[],"_links":{"self":[{"href":"https:\/\/guiadenoticias.com.ar\/diario\/wp-json\/wp\/v2\/posts\/2857","targetHints":{"allow":["GET"]}}],"collection":[{"href":"https:\/\/guiadenoticias.com.ar\/diario\/wp-json\/wp\/v2\/posts"}],"about":[{"href":"https:\/\/guiadenoticias.com.ar\/diario\/wp-json\/wp\/v2\/types\/post"}],"author":[{"embeddable":true,"href":"https:\/\/guiadenoticias.com.ar\/diario\/wp-json\/wp\/v2\/users\/1"}],"replies":[{"embeddable":true,"href":"https:\/\/guiadenoticias.com.ar\/diario\/wp-json\/wp\/v2\/comments?post=2857"}],"version-history":[{"count":1,"href":"https:\/\/guiadenoticias.com.ar\/diario\/wp-json\/wp\/v2\/posts\/2857\/revisions"}],"predecessor-version":[{"id":2859,"href":"https:\/\/guiadenoticias.com.ar\/diario\/wp-json\/wp\/v2\/posts\/2857\/revisions\/2859"}],"wp:featuredmedia":[{"embeddable":true,"href":"https:\/\/guiadenoticias.com.ar\/diario\/wp-json\/wp\/v2\/media\/2858"}],"wp:attachment":[{"href":"https:\/\/guiadenoticias.com.ar\/diario\/wp-json\/wp\/v2\/media?parent=2857"}],"wp:term":[{"taxonomy":"category","embeddable":true,"href":"https:\/\/guiadenoticias.com.ar\/diario\/wp-json\/wp\/v2\/categories?post=2857"},{"taxonomy":"post_tag","embeddable":true,"href":"https:\/\/guiadenoticias.com.ar\/diario\/wp-json\/wp\/v2\/tags?post=2857"}],"curies":[{"name":"wp","href":"https:\/\/api.w.org\/{rel}","templated":true}]}}