{"id":3016,"date":"2016-07-01T17:05:11","date_gmt":"2016-07-01T20:05:11","guid":{"rendered":"http:\/\/guiadenoticias.com.ar\/diario\/?p=3016"},"modified":"2016-07-01T17:06:05","modified_gmt":"2016-07-01T20:06:05","slug":"descalzo-soy-un-firme-defensor-de-la-policia-local","status":"publish","type":"post","link":"https:\/\/guiadenoticias.com.ar\/diario\/descalzo-soy-un-firme-defensor-de-la-policia-local\/","title":{"rendered":"Descalzo: \u201cSoy un firme defensor de la Polic\u00eda Local\u201d"},"content":{"rendered":"<p class=\"yiv4932599673msonormal\" style=\"margin: 0cm; margin-bottom: .0001pt;\">En relaci\u00f3n a los hechos sucedidos ayer, que son de p\u00fablico conocimiento, quiero aclarar nuevamente que en Ituzaing\u00f3 no hubo ning\u00fan secuestro de chicos. Actualmente s\u00f3lo existen dos denuncias radicadas por presuntos intentos de secuestros que est\u00e1n en poder de la Fiscal\u00eda para que realice la investigaci\u00f3n correspondiente.<\/p>\n<p id=\"yui_3_16_0_ym19_1_1467399939307_11016\" class=\"yiv4932599673msonormal\" style=\"margin: 0cm; margin-bottom: .0001pt;\">Desde luego que al tomar conocimiento de las mismas nos hemos puesto a disposici\u00f3n de los vecinos que realizaron dichas denuncias a pesar que la Polic\u00eda y la Justicia son los encargados de investigar.<\/p>\n<p id=\"yui_3_16_0_ym19_1_1467399939307_11018\" class=\"yiv4932599673msonormal\" style=\"margin: 0cm; margin-bottom: .0001pt;\">Me llam\u00f3 poderosamente la atenci\u00f3n que en los \u00faltimos 10 d\u00edas se cuenten en las redes sociales distintos casos de intento de secuestro sin ning\u00fan dato certero que permita su investigaci\u00f3n, creando de esta manera una ola de rumores que despert\u00f3 un temor generalizado en nuestra comunidad.<\/p>\n<p id=\"yui_3_16_0_ym19_1_1467399939307_11019\" class=\"yiv4932599673msonormal\" style=\"margin: 0cm; margin-bottom: .0001pt;\">Tambi\u00e9n me result\u00f3 sospechosa la convocatoria que se realiz\u00f3 ayer para manifestarse a las 2 de la madrugada en la puerta del Circo en la Avenida Ratti causando destrozos y el robo de m\u00e1s de 16 mil pesos. Esta situaci\u00f3n deriv\u00f3 en el enfrentamiento que se realiz\u00f3 ayer por la tarde entre la Polic\u00eda Bonaerense y un grupo de inadaptados alterando la tranquilidad t\u00edpica de nuestra ciudad.<\/p>\n<p id=\"yui_3_16_0_ym19_1_1467399939307_11045\" class=\"yiv4932599673msonormal\" style=\"margin: 0cm; margin-bottom: .0001pt;\">Por eso les pido a mis vecinos que sean prudentes, que no se dejen utilizar por quienes fomentan este tipo de actividades.<\/p>\n<p id=\"yui_3_16_0_ym19_1_1467399939307_11022\" class=\"yiv4932599673msonormal\" style=\"margin: 0cm; margin-bottom: .0001pt;\">Aprovecho estas palabras para esclarecer las versiones que se est\u00e1n divulgando por distintos medios sobre la relaci\u00f3n entre el gobierno municipal y la Polic\u00eda Local; si bien es verdad que se realiz\u00f3 el retiro de m\u00f3viles y equipos Nextel que pertenecen a la Municipalidad y fueron dados en pr\u00e9stamo a la Polic\u00eda Local para reforzar su servicio, esta situaci\u00f3n dur\u00f3 s\u00f3lo un d\u00eda ya que orden\u00e9 su inmediata restituci\u00f3n y dichos m\u00f3viles y equipos de comunicaci\u00f3n est\u00e1n a disposici\u00f3n de la Polic\u00eda Local y de la Polic\u00eda de la Provincia de Buenos Aires.<\/p>\n<p id=\"yui_3_16_0_ym19_1_1467399939307_11025\" class=\"yiv4932599673msonormal\" style=\"margin: 0cm; margin-bottom: .0001pt;\">Soy un firme defensor de la Polic\u00eda Local, a punto tal que fuimos uno de los primeros distritos en dar cuenta de la misma y dispusimos de numerosos recursos, tantos monetarios como humanos, para su funcionamiento.<\/p>\n<p id=\"yui_3_16_0_ym19_1_1467399939307_11027\" class=\"yiv4932599673msonormal\" style=\"margin: 0cm; margin-bottom: .0001pt;\">Por \u00faltimo, quiero agradecer la solidaridad de cientos de vecinos que, como yo, se sienten preocupados e indignados por esta situaci\u00f3n que nunca antes se hab\u00eda vivido en Ituzaing\u00f3. Tambi\u00e9n quiero agradecer el apoyo de los intendentes de diferentes partidos pol\u00edticos, concejales de nuestro distrito y al ministro de Gobierno, Federico Salvai, a quien solicit\u00e9 que arbitre los medios necesarios para que se investigue a fondo lo sucedido.<\/p>\n","protected":false},"excerpt":{"rendered":"<p>En relaci\u00f3n a los hechos sucedidos ayer, que son de p\u00fablico conocimiento, quiero aclarar nuevamente que en Ituzaing\u00f3 no hubo ning\u00fan secuestro de chicos. Actualmente s\u00f3lo existen dos denuncias radicadas por presuntos intentos de secuestros que est\u00e1n en poder de la Fiscal\u00eda para que realice la investigaci\u00f3n correspondiente. Desde luego que al tomar conocimiento de [&hellip;]<\/p>\n","protected":false},"author":1,"featured_media":1682,"comment_status":"closed","ping_status":"open","sticky":false,"template":"","format":"standard","meta":{"footnotes":""},"categories":[29,20,48,31],"tags":[],"class_list":{"0":"post-3016","1":"post","2":"type-post","3":"status-publish","4":"format-standard","5":"has-post-thumbnail","7":"category-ituzaingo","8":"category-municipios","9":"category-politica-argentina","10":"category-provincia"},"aioseo_notices":[],"_links":{"self":[{"href":"https:\/\/guiadenoticias.com.ar\/diario\/wp-json\/wp\/v2\/posts\/3016","targetHints":{"allow":["GET"]}}],"collection":[{"href":"https:\/\/guiadenoticias.com.ar\/diario\/wp-json\/wp\/v2\/posts"}],"about":[{"href":"https:\/\/guiadenoticias.com.ar\/diario\/wp-json\/wp\/v2\/types\/post"}],"author":[{"embeddable":true,"href":"https:\/\/guiadenoticias.com.ar\/diario\/wp-json\/wp\/v2\/users\/1"}],"replies":[{"embeddable":true,"href":"https:\/\/guiadenoticias.com.ar\/diario\/wp-json\/wp\/v2\/comments?post=3016"}],"version-history":[{"count":2,"href":"https:\/\/guiadenoticias.com.ar\/diario\/wp-json\/wp\/v2\/posts\/3016\/revisions"}],"predecessor-version":[{"id":3018,"href":"https:\/\/guiadenoticias.com.ar\/diario\/wp-json\/wp\/v2\/posts\/3016\/revisions\/3018"}],"wp:featuredmedia":[{"embeddable":true,"href":"https:\/\/guiadenoticias.com.ar\/diario\/wp-json\/wp\/v2\/media\/1682"}],"wp:attachment":[{"href":"https:\/\/guiadenoticias.com.ar\/diario\/wp-json\/wp\/v2\/media?parent=3016"}],"wp:term":[{"taxonomy":"category","embeddable":true,"href":"https:\/\/guiadenoticias.com.ar\/diario\/wp-json\/wp\/v2\/categories?post=3016"},{"taxonomy":"post_tag","embeddable":true,"href":"https:\/\/guiadenoticias.com.ar\/diario\/wp-json\/wp\/v2\/tags?post=3016"}],"curies":[{"name":"wp","href":"https:\/\/api.w.org\/{rel}","templated":true}]}}