{"id":3027,"date":"2016-07-01T17:50:06","date_gmt":"2016-07-01T20:50:06","guid":{"rendered":"http:\/\/guiadenoticias.com.ar\/diario\/?p=3027"},"modified":"2016-07-01T17:50:31","modified_gmt":"2016-07-01T20:50:31","slug":"andreotti-complacido-por-la-restitucion-del-cobro-del-impuesto-a-embarcaciones","status":"publish","type":"post","link":"https:\/\/guiadenoticias.com.ar\/diario\/andreotti-complacido-por-la-restitucion-del-cobro-del-impuesto-a-embarcaciones\/","title":{"rendered":"Andreotti, complacido por la restituci\u00f3n del cobro del Impuesto a Embarcaciones"},"content":{"rendered":"<p>El intendente de San Fernando, Luis Andreotti, consider\u00f3 \u201cun acto de justicia\u201d la restituci\u00f3n del cobro del Impuesto a las Embarcaciones, que retorn\u00f3 a los municipios de la zona norte tras haber sido retirado por la gesti\u00f3n de Daniel Scioli en la Provincia.<\/p>\n<p>A la espera de que se firme este \u201cimportante ingreso para mantener la costa\u201d, reconoci\u00f3 a la gobernadora Mar\u00eda Eugenia Vidal y apoy\u00f3 la construcci\u00f3n de un nuevo Fondo del Conurbano coparticipable.<\/p>\n<p>El jefe comunal fue pionero en exponer el problema que signific\u00f3 a las ciudades de la zona norte bonaerense que en 2014 se haya roto un convenio con la Agencia de Recaudaci\u00f3n de la Provincia de Buenos Aires (ARBA) para descentralizar el cobro de la tasa por embarcaciones. En esta oportunidad, tras haber encabezado el reclamo desde los municipios, el intendente agradeci\u00f3 que se haya revertido la disposici\u00f3n.<\/p>\n<p>\u201cEs un acto de justicia para la zona, donde tenemos muchas embarcaciones y el vecino cuida la costa\u201d, manifest\u00f3 Andreotti y continu\u00f3: \u201cAgradezco de antemano esta devoluci\u00f3n que hace la Provincia a trav\u00e9s de la gobernadora, que nos permitir\u00e1 a los intendentes contar con un importante ingreso para mantener la costanera\u201d.<\/p>\n<p>\u201cSi uno recorre los fines de semana Tigre, Vicente L\u00f3pez, San Isidro y San Fernando, notar\u00e1 que incluso vecinos de otros distritos disfrutan el r\u00edo\u201d, se\u00f1al\u00f3 y critic\u00f3 al ex gobernador: \u201cEl cobro se nos retir\u00f3 por razones pol\u00edticas. Scioli no s\u00f3lo gobern\u00f3 mal, sino que castig\u00f3 a quienes no tuvieron su mismo pensamiento\u201d.<\/p>\n<p>A su vez, reconoci\u00f3 el avance de instalar un nuevo Fondo del Conurbano para compensar la insuficiencia de una caja constituida por el 10 por ciento de lo recaudado por el Impuesto a las Ganancias que en 1995 sufri\u00f3 un tope de 650 millones. El gabinete bonaerense intenta ahora desarrollar un m\u00e9todo menos desigual, que se abastecer\u00eda en un 4 por ciento de Ingresos Brutos y un 2 por ciento del Tesoro Nacional. \u201cMe parece que el camino que eligi\u00f3 la Vidal para reclamar los aportes a la Naci\u00f3n es el correcto\u201d, indic\u00f3 el intendente.<\/p>\n<p>\u201cBuenos Aires est\u00e1 perdiendo 48 mil millones este a\u00f1o, cuando el 40 por ciento de los pobres del pa\u00eds est\u00e1n en la provincia\u201d, enfatiz\u00f3 e insisti\u00f3: \u201cTenemos un Conurbano dif\u00edcil y con muchos problemas sociales, donde el Estado tiene que estar encima de la gente\u201d.<\/p>\n<p>\u201cPedimos que el nuevo Fondo del Conurbano sea para todos los distritos bonaerenses, no s\u00f3lo los de la Regi\u00f3n Metropolitana, y que sea coparticipable para que los municipios puedan aplicar mayor cantidad de recursos a las necesidades de los vecinos\u201d, concluy\u00f3.<\/p>\n","protected":false},"excerpt":{"rendered":"<p>El intendente de San Fernando, Luis Andreotti, consider\u00f3 \u201cun acto de justicia\u201d la restituci\u00f3n del cobro del Impuesto a las Embarcaciones, que retorn\u00f3 a los municipios de la zona norte tras haber sido retirado por la gesti\u00f3n de Daniel Scioli en la Provincia. A la espera de que se firme este \u201cimportante ingreso para mantener [&hellip;]<\/p>\n","protected":false},"author":1,"featured_media":3028,"comment_status":"closed","ping_status":"open","sticky":false,"template":"","format":"standard","meta":{"footnotes":""},"categories":[20,48,31,22],"tags":[],"class_list":{"0":"post-3027","1":"post","2":"type-post","3":"status-publish","4":"format-standard","5":"has-post-thumbnail","7":"category-municipios","8":"category-politica-argentina","9":"category-provincia","10":"category-san-fernando"},"aioseo_notices":[],"_links":{"self":[{"href":"https:\/\/guiadenoticias.com.ar\/diario\/wp-json\/wp\/v2\/posts\/3027","targetHints":{"allow":["GET"]}}],"collection":[{"href":"https:\/\/guiadenoticias.com.ar\/diario\/wp-json\/wp\/v2\/posts"}],"about":[{"href":"https:\/\/guiadenoticias.com.ar\/diario\/wp-json\/wp\/v2\/types\/post"}],"author":[{"embeddable":true,"href":"https:\/\/guiadenoticias.com.ar\/diario\/wp-json\/wp\/v2\/users\/1"}],"replies":[{"embeddable":true,"href":"https:\/\/guiadenoticias.com.ar\/diario\/wp-json\/wp\/v2\/comments?post=3027"}],"version-history":[{"count":1,"href":"https:\/\/guiadenoticias.com.ar\/diario\/wp-json\/wp\/v2\/posts\/3027\/revisions"}],"predecessor-version":[{"id":3029,"href":"https:\/\/guiadenoticias.com.ar\/diario\/wp-json\/wp\/v2\/posts\/3027\/revisions\/3029"}],"wp:featuredmedia":[{"embeddable":true,"href":"https:\/\/guiadenoticias.com.ar\/diario\/wp-json\/wp\/v2\/media\/3028"}],"wp:attachment":[{"href":"https:\/\/guiadenoticias.com.ar\/diario\/wp-json\/wp\/v2\/media?parent=3027"}],"wp:term":[{"taxonomy":"category","embeddable":true,"href":"https:\/\/guiadenoticias.com.ar\/diario\/wp-json\/wp\/v2\/categories?post=3027"},{"taxonomy":"post_tag","embeddable":true,"href":"https:\/\/guiadenoticias.com.ar\/diario\/wp-json\/wp\/v2\/tags?post=3027"}],"curies":[{"name":"wp","href":"https:\/\/api.w.org\/{rel}","templated":true}]}}