{"id":3069,"date":"2016-07-04T20:00:35","date_gmt":"2016-07-04T23:00:35","guid":{"rendered":"http:\/\/guiadenoticias.com.ar\/diario\/?p=3069"},"modified":"2016-07-04T20:04:24","modified_gmt":"2016-07-04T23:04:24","slug":"posse-y-andreotti-anunciaron-obras-en-la-calle-uruguay","status":"publish","type":"post","link":"https:\/\/guiadenoticias.com.ar\/diario\/posse-y-andreotti-anunciaron-obras-en-la-calle-uruguay\/","title":{"rendered":"Posse y Andreotti anunciaron obras en la calle Uruguay"},"content":{"rendered":"<p>Los intendentes Gustavo Posse (San Isidro) y Luis Andreotti (San Fernando) firmaron un convenio para ejecutar una obra asf\u00e1ltica e hidr\u00e1ulica en la calle Uruguay, entre avenida Sucre y Colectora Acceso Tigre.<\/p>\n<p>Es el tramo que faltaba. Ya est\u00e1\u00a0 terminado entre las avenidas Rol\u00f3n y Sucre y entre Ramal Tigre y Autopista Panamericana.<\/p>\n<p>La obra prev\u00e9 una inversi\u00f3n por parte de la Provincia de 50 millones de pesos y comprende el ensanche (pasar\u00e1 de 8 a 13 metros), la pavimentaci\u00f3n y construcci\u00f3n de desag\u00fces en una calle que abarca una zona comercial, industrial, barrios y que adem\u00e1s conecta Autopista Panamericana y Avenida Andr\u00e9s Rol\u00f3n.<\/p>\n<p>\u00abEsta obra es producto del entendimiento entre municipios vecinos, que venimos trabajando juntos y que concretamos gracias a la gesti\u00f3n de la gobernadora Mar\u00eda Eugenia Vidal\u00bb, afirm\u00f3 Posse. Andreotti sum\u00f3 que los trabajos tienen que ver con la integraci\u00f3n e inclusi\u00f3n. \u201cSer\u00e1 un acceso muy importante para todos los vecinos\u201d, concluy\u00f3.<\/p>\n<p>Por esta arteria circulan todos los d\u00edas alrededor de 240 mil veh\u00edculos. La pavimentaci\u00f3n, con estructura de hormig\u00f3n, tendr\u00e1 un espesor de 55 cent\u00edmetros en unos 18 mil metros cuadrados de pavimento, que reemplazan a los actuales 10 mil metros. As\u00ed, se aumentar\u00e1 la superficie de la calzada de transitabilidad en un 80 por ciento.<\/p>\n<p>La renovada calle Uruguay tendr\u00e1 adem\u00e1s un boulevard central con nueva forestaci\u00f3n e iluminaci\u00f3n.<\/p>\n","protected":false},"excerpt":{"rendered":"<p>Los intendentes Gustavo Posse (San Isidro) y Luis Andreotti (San Fernando) firmaron un convenio para ejecutar una obra asf\u00e1ltica e hidr\u00e1ulica en la calle Uruguay, entre avenida Sucre y Colectora Acceso Tigre. Es el tramo que faltaba. Ya est\u00e1\u00a0 terminado entre las avenidas Rol\u00f3n y Sucre y entre Ramal Tigre y Autopista Panamericana. La obra [&hellip;]<\/p>\n","protected":false},"author":1,"featured_media":3070,"comment_status":"closed","ping_status":"open","sticky":false,"template":"","format":"standard","meta":{"footnotes":""},"categories":[20,22,21],"tags":[],"class_list":{"0":"post-3069","1":"post","2":"type-post","3":"status-publish","4":"format-standard","5":"has-post-thumbnail","7":"category-municipios","8":"category-san-fernando","9":"category-san-isidro"},"aioseo_notices":[],"_links":{"self":[{"href":"https:\/\/guiadenoticias.com.ar\/diario\/wp-json\/wp\/v2\/posts\/3069","targetHints":{"allow":["GET"]}}],"collection":[{"href":"https:\/\/guiadenoticias.com.ar\/diario\/wp-json\/wp\/v2\/posts"}],"about":[{"href":"https:\/\/guiadenoticias.com.ar\/diario\/wp-json\/wp\/v2\/types\/post"}],"author":[{"embeddable":true,"href":"https:\/\/guiadenoticias.com.ar\/diario\/wp-json\/wp\/v2\/users\/1"}],"replies":[{"embeddable":true,"href":"https:\/\/guiadenoticias.com.ar\/diario\/wp-json\/wp\/v2\/comments?post=3069"}],"version-history":[{"count":2,"href":"https:\/\/guiadenoticias.com.ar\/diario\/wp-json\/wp\/v2\/posts\/3069\/revisions"}],"predecessor-version":[{"id":3072,"href":"https:\/\/guiadenoticias.com.ar\/diario\/wp-json\/wp\/v2\/posts\/3069\/revisions\/3072"}],"wp:featuredmedia":[{"embeddable":true,"href":"https:\/\/guiadenoticias.com.ar\/diario\/wp-json\/wp\/v2\/media\/3070"}],"wp:attachment":[{"href":"https:\/\/guiadenoticias.com.ar\/diario\/wp-json\/wp\/v2\/media?parent=3069"}],"wp:term":[{"taxonomy":"category","embeddable":true,"href":"https:\/\/guiadenoticias.com.ar\/diario\/wp-json\/wp\/v2\/categories?post=3069"},{"taxonomy":"post_tag","embeddable":true,"href":"https:\/\/guiadenoticias.com.ar\/diario\/wp-json\/wp\/v2\/tags?post=3069"}],"curies":[{"name":"wp","href":"https:\/\/api.w.org\/{rel}","templated":true}]}}