{"id":3197,"date":"2016-07-12T01:14:47","date_gmt":"2016-07-12T04:14:47","guid":{"rendered":"http:\/\/guiadenoticias.com.ar\/diario\/?p=3197"},"modified":"2016-07-12T01:20:34","modified_gmt":"2016-07-12T04:20:34","slug":"el-gobierno-aplicara-un-tope-de-400-de-suba-sobre-la-factura-de-gas","status":"publish","type":"post","link":"https:\/\/guiadenoticias.com.ar\/diario\/el-gobierno-aplicara-un-tope-de-400-de-suba-sobre-la-factura-de-gas\/","title":{"rendered":"El Gobierno aplicar\u00e1 tope de 400% de suba en el gas"},"content":{"rendered":"<p>Luego de idas y vueltas, el Gobierno decidi\u00f3 dar marcha atr\u00e1s y aplicar un techo de 400% sobre la boleta de gas para residenciales y de un 500% para los comerciantes. Parece una vieja noticia, pero no: el tope antes era sobre el consumo variable, mientras que ahora ser\u00e1 sobre el total de la factura.<\/p>\n<p>La medida fue confirmada oficialmente en una conferencia de prensa que brindaron el jefe de Gabinete, Marcos Pe\u00f1a, y los ministros de Energ\u00eda y Miner\u00eda, Juan Jos\u00e9 Aranguren, y de Justicia, Germ\u00e1n Garavano.<\/p>\n<p>Pe\u00f1a inform\u00f3 que las boletas de gas tendr\u00e1n un tope\u00a0del 400% de aumento, retroactivo al 1\u00ba de abril, y sostuvo que\u00a0\u00abesto ayuda a pasar esta primera etapa de construcci\u00f3n\u00bb. \u00abTomamos esta resoluci\u00f3n luego de conversar y escuchar a\u00a0dirigentes de la oposici\u00f3n, a la gente y ver que este camino debe\u00a0tener un equilibrio\u00bb, sostuvo el jefe de Gabinete.<\/p>\n<p>A quienes pagaron facturas de gas\u00a0con aumentos superiores al 400%, se les har\u00e1\u00a0una nueva boleta y recibir\u00e1n una nota de cr\u00e9dito por el monto\u00a0abonado de m\u00e1s, indic\u00f3 Aranguren. \u00abEl usuario que\u00a0no pag\u00f3, tiene que esperar que se refacture el consumo desde abril\u00a0a la fecha y quien pag\u00f3, tendr\u00e1 una nota de cr\u00e9dito\u00bb, sostuvo el titular de Energ\u00eda. Y agreg\u00f3 que\u00a0\u00abel tope ser\u00e1 400% en comparaci\u00f3n con cada bimestre del a\u00f1o\u00a0anterior, en el caso de los usuarios residenciales, y no se ajustar\u00e1\u00a0por el consumo de este a\u00f1o\u00bb.<\/p>\n<p>Durante la rueda de prensa, Garavano le pidi\u00f3 a la Corte Suprema que \u00abclarifique\u00bb la\u00a0situaci\u00f3n respecto de los amparos contra las tarifas y admiti\u00f3 que\u00a0\u00abla Argentina sigue teniendo mucha incertidumbre en sus\u00a0pronunciamientos judiciales\u00bb.<\/p>\n<p>\u00abEl Gobierno tom\u00f3 nota de esta situaci\u00f3n con las tarifas, que se\u00a0van a corregir y quedar\u00e1n para adelante los problemas legales para\u00a0que se vayan ordenando\u00bb. \u00a0En tanto, Pe\u00f1a asegur\u00f3 que el fallo de la C\u00e1mara Federal de La Plata que suspendi\u00f3\u00a0los aumentos de gas en todo el pa\u00eds\u00a0tambi\u00e9n dej\u00f3 sin efecto\u00a0la aplicaci\u00f3n de la tarifa social.<\/p>\n<p>Ante esto,\u00a0el Gobierno apelar\u00e1 el fallo, mientras que la Procuraci\u00f3n General del Tesoro\u00a0presentar\u00e1 un recurso extraordinario.<\/p>\n<p>Aunque esta nueva decisi\u00f3n permitir\u00e1 contener la suba de tarifas, no premiar\u00e1 a los hogares que consuman menos, uno de los pilares que hab\u00eda defendido el Gobierno.<\/p>\n","protected":false},"excerpt":{"rendered":"<p>Luego de idas y vueltas, el Gobierno decidi\u00f3 dar marcha atr\u00e1s y aplicar un techo de 400% sobre la boleta de gas para residenciales y de un 500% para los comerciantes. Parece una vieja noticia, pero no: el tope antes era sobre el consumo variable, mientras que ahora ser\u00e1 sobre el total de la factura. [&hellip;]<\/p>\n","protected":false},"author":1,"featured_media":3198,"comment_status":"closed","ping_status":"open","sticky":false,"template":"","format":"standard","meta":{"footnotes":""},"categories":[49,30,48],"tags":[],"class_list":{"0":"post-3197","1":"post","2":"type-post","3":"status-publish","4":"format-standard","5":"has-post-thumbnail","7":"category-economia-y-gremiales","8":"category-nacion","9":"category-politica-argentina"},"aioseo_notices":[],"_links":{"self":[{"href":"https:\/\/guiadenoticias.com.ar\/diario\/wp-json\/wp\/v2\/posts\/3197","targetHints":{"allow":["GET"]}}],"collection":[{"href":"https:\/\/guiadenoticias.com.ar\/diario\/wp-json\/wp\/v2\/posts"}],"about":[{"href":"https:\/\/guiadenoticias.com.ar\/diario\/wp-json\/wp\/v2\/types\/post"}],"author":[{"embeddable":true,"href":"https:\/\/guiadenoticias.com.ar\/diario\/wp-json\/wp\/v2\/users\/1"}],"replies":[{"embeddable":true,"href":"https:\/\/guiadenoticias.com.ar\/diario\/wp-json\/wp\/v2\/comments?post=3197"}],"version-history":[{"count":6,"href":"https:\/\/guiadenoticias.com.ar\/diario\/wp-json\/wp\/v2\/posts\/3197\/revisions"}],"predecessor-version":[{"id":3204,"href":"https:\/\/guiadenoticias.com.ar\/diario\/wp-json\/wp\/v2\/posts\/3197\/revisions\/3204"}],"wp:featuredmedia":[{"embeddable":true,"href":"https:\/\/guiadenoticias.com.ar\/diario\/wp-json\/wp\/v2\/media\/3198"}],"wp:attachment":[{"href":"https:\/\/guiadenoticias.com.ar\/diario\/wp-json\/wp\/v2\/media?parent=3197"}],"wp:term":[{"taxonomy":"category","embeddable":true,"href":"https:\/\/guiadenoticias.com.ar\/diario\/wp-json\/wp\/v2\/categories?post=3197"},{"taxonomy":"post_tag","embeddable":true,"href":"https:\/\/guiadenoticias.com.ar\/diario\/wp-json\/wp\/v2\/tags?post=3197"}],"curies":[{"name":"wp","href":"https:\/\/api.w.org\/{rel}","templated":true}]}}