{"id":3476,"date":"2016-07-29T01:27:24","date_gmt":"2016-07-29T04:27:24","guid":{"rendered":"http:\/\/guiadenoticias.com.ar\/diario\/?p=3476"},"modified":"2016-07-29T01:42:53","modified_gmt":"2016-07-29T04:42:53","slug":"el-concejo-dio-luz-verde-a-incremento-del-10-en-las-tasas-municipales","status":"publish","type":"post","link":"https:\/\/guiadenoticias.com.ar\/diario\/el-concejo-dio-luz-verde-a-incremento-del-10-en-las-tasas-municipales\/","title":{"rendered":"Luz verde a incremento del 10% en las tasas municipales"},"content":{"rendered":"<p>El Concejo Deliberante de Tigre aprob\u00f3 la preparatoria de un nuevo aumento del 10% por sobre el 25% que ya se hab\u00eda aprobado en diciembre de 2015 para este per\u00edodo. La Ordenanza, de todos modos, tendr\u00e1 tratamiento en una asamblea de Mayores Contribuyentes, el pr\u00f3ximo 9 de agosto, cuando no se prev\u00e9n sobresaltos ya que al oficialismo le alcanzan las manos. Empezar\u00eda a regir a partir de octubre, hasta diciembre.<\/p>\n<p>La Ordenanza comprende a las tasas de Servicios Municipales (ABL) y la tasa por Verificaci\u00f3n de Industrias, Comercios y Empresas Prestadoras de Obras y\/o Servicios, sobre la cual el presidente del bloque del Frente Renovador, Rodrigo Molinos, le afirm\u00f3 a Gu\u00eda de Noticias: \u201cEste aumento tiene que ver con mantener un equilibrio econ\u00f3mico en el municipio luego de c\u00f3mo se modific\u00f3 la inflaci\u00f3n esperada para este a\u00f1o, pero a pesar de esto los peque\u00f1os comerciantes tendr\u00e1n disminuciones que ir\u00e1n desde un 30 hasta un 70 por ciento de descuento. Nadie quiere tener que aumentar las tasas y a nosotros no nos gusta pero la coyuntura nos lleva a tener que implementarlo\u201d.<\/p>\n<p>El puntapi\u00e9 inicial para implementar el aumento se aprob\u00f3 por mayor\u00eda con 16 votos, 2 abstenciones del bloque Cambiemos y 3 votos negativos del FpV.<\/p>\n<p><strong>LA MIRADA DEL FP<\/strong><strong>V<\/strong><\/p>\n<p>En dialog\u00f3 con el presidente del bloque del Frente para la Victoria, Federico Ugo, se despach\u00f3 con la mirada que plantearon en la sesi\u00f3n y con las que a su entender \u201cel FR no dice\u201d. \u201cVemos que al Frente Renovador s\u00f3lo le preocupa recaudar m\u00e1s, sin importarle el bolsillo del vecino de Tigre. Lo que no se dice con respecto a este 10% de aumento es que va a llevar al aumento total del a\u00f1o al 45% que es lo que se prev\u00e9 de inflaci\u00f3n y no al 35% como quieren instalar\u201d.<\/p>\n<p>Con respecto a su implementaci\u00f3n, el edil afirm\u00f3 que \u201ceste aumento tiene que ser progresivo. El Frente Renovador plantea en el proyecto que tiene que haber un descuento por \u00fanica vez a los comerciantes que puedan mostrar que les afect\u00f3 la tarifa. Nuestra respuesta es que el descuento pueda ser ejecutado de ac\u00e1 a fin de a\u00f1o y que adem\u00e1s haya mayor descuento para las categor\u00edas de comercios minoristas y menor descuento para la categor\u00eda de las industrias grandes\u201d.<\/p>\n<p>Por \u00faltimo, con respecto al aumento de la tasa de Servicios Municipales (ABL) para particulares detall\u00f3 que esto tendr\u00eda que estar bien fraccionado y distinguido: \u201cA las zonas m\u00e1s humildes que el aumento este planteado con un m\u00e1ximo del 5% y a las zonas m\u00e1s pudientes que el aumento este planteado con un m\u00e1ximo del 18%. Esto va generando un promedio de aumento que termina dando el 10%, pero que no es el mismo porcentaje aplicado en todas las zonas. De esa forma no se complica al bolsillo de quien m\u00e1s necesita del municipio\u201d.<\/p>\n<p>Sobre estos temas el argumento de Molinos y el oficialismo est\u00e1 claro: \u201cEl proyecto del FpV s\u00f3lo ped\u00eda modificar cuatro puntos del nuestro. Esto quiere decir que en l\u00edneas generales est\u00e1n de acuerdo con que esto es necesario. Sobre nuestro proyecto hay que decir tambi\u00e9n que lo evaluamos con la informaci\u00f3n que nos dio la Secretar\u00eda de Ingresos P\u00fablicos, y el Ejecutivo tiene la capacidad de adecuarlo de acuerdo a las zonas m\u00e1s humildes y las m\u00e1s pudientes\u201d.<\/p>\n","protected":false},"excerpt":{"rendered":"<p>El Concejo Deliberante de Tigre aprob\u00f3 la preparatoria de un nuevo aumento del 10% por sobre el 25% que ya se hab\u00eda aprobado en diciembre de 2015 para este per\u00edodo. La Ordenanza, de todos modos, tendr\u00e1 tratamiento en una asamblea de Mayores Contribuyentes, el pr\u00f3ximo 9 de agosto, cuando no se prev\u00e9n sobresaltos ya que [&hellip;]<\/p>\n","protected":false},"author":1,"featured_media":3477,"comment_status":"closed","ping_status":"open","sticky":false,"template":"","format":"standard","meta":{"footnotes":""},"categories":[49,20,48,23],"tags":[],"class_list":{"0":"post-3476","1":"post","2":"type-post","3":"status-publish","4":"format-standard","5":"has-post-thumbnail","7":"category-economia-y-gremiales","8":"category-municipios","9":"category-politica-argentina","10":"category-tigre"},"aioseo_notices":[],"_links":{"self":[{"href":"https:\/\/guiadenoticias.com.ar\/diario\/wp-json\/wp\/v2\/posts\/3476","targetHints":{"allow":["GET"]}}],"collection":[{"href":"https:\/\/guiadenoticias.com.ar\/diario\/wp-json\/wp\/v2\/posts"}],"about":[{"href":"https:\/\/guiadenoticias.com.ar\/diario\/wp-json\/wp\/v2\/types\/post"}],"author":[{"embeddable":true,"href":"https:\/\/guiadenoticias.com.ar\/diario\/wp-json\/wp\/v2\/users\/1"}],"replies":[{"embeddable":true,"href":"https:\/\/guiadenoticias.com.ar\/diario\/wp-json\/wp\/v2\/comments?post=3476"}],"version-history":[{"count":4,"href":"https:\/\/guiadenoticias.com.ar\/diario\/wp-json\/wp\/v2\/posts\/3476\/revisions"}],"predecessor-version":[{"id":3481,"href":"https:\/\/guiadenoticias.com.ar\/diario\/wp-json\/wp\/v2\/posts\/3476\/revisions\/3481"}],"wp:featuredmedia":[{"embeddable":true,"href":"https:\/\/guiadenoticias.com.ar\/diario\/wp-json\/wp\/v2\/media\/3477"}],"wp:attachment":[{"href":"https:\/\/guiadenoticias.com.ar\/diario\/wp-json\/wp\/v2\/media?parent=3476"}],"wp:term":[{"taxonomy":"category","embeddable":true,"href":"https:\/\/guiadenoticias.com.ar\/diario\/wp-json\/wp\/v2\/categories?post=3476"},{"taxonomy":"post_tag","embeddable":true,"href":"https:\/\/guiadenoticias.com.ar\/diario\/wp-json\/wp\/v2\/tags?post=3476"}],"curies":[{"name":"wp","href":"https:\/\/api.w.org\/{rel}","templated":true}]}}