{"id":3486,"date":"2016-07-30T01:57:05","date_gmt":"2016-07-30T04:57:05","guid":{"rendered":"http:\/\/guiadenoticias.com.ar\/diario\/?p=3486"},"modified":"2016-07-30T02:02:28","modified_gmt":"2016-07-30T05:02:28","slug":"avanza-la-renovacion-de-ruta-8-y-el-centro-comercial-1-de-mayo","status":"publish","type":"post","link":"https:\/\/guiadenoticias.com.ar\/diario\/avanza-la-renovacion-de-ruta-8-y-el-centro-comercial-1-de-mayo\/","title":{"rendered":"Avanza renovaci\u00f3n de Ruta 8 y centro comercial"},"content":{"rendered":"<p>La\u00a0llegada del Metrob\u00fas en la Ruta 8 y la renovaci\u00f3n integral del Centro Comercial a Cielo Abierto 1\u00b0 de Mayo mejorar\u00e1n la calidad de vida de los vecinos y potenciar\u00e1n el desarrollo comercial de Loma Hermosa y El Libertador.<\/p>\n<p>El intendente de Tres de Febrero, Diego Valenzuela, realiz\u00f3 ambos anuncios ante comerciantes de la zona y el equipo de Desarrollo Urbano de la Municipalidad, encabezado por el secretario Marcelo Naveiro que explic\u00f3 el plan de obras. Tambi\u00e9n particip\u00f3 la secretaria de Desarrollo Econ\u00f3mico, Daniela Ramos.<\/p>\n<p><strong>RENOVACI\u00d3N DEL CENTRO COMERCIAL 1\u00b0 DE MAYO<\/strong><\/p>\n<p>La obra contempla una serie de acciones sobre la calle 1\u00b0 de Mayo entre la Ruta N\u00b0 8 (Eva Per\u00f3n) y Miguel Rosella. No s\u00f3lo se trata de una obra de regeneraci\u00f3n urbana, sino que, adem\u00e1s, incluye una importante obra hidr\u00e1ulica con el tendido de un ca\u00f1o troncal que conectar\u00e1 el agua de los nuevos sumideros que se incorporar\u00e1n en las esquinas. Ese trabajo permitir\u00e1 entubar el agua de lluvia, reduciendo su circulaci\u00f3n y acumulaci\u00f3n en la superficie, como sucede actualmente por la falta de sumideros. La obra hidr\u00e1ulica ser\u00e1 acompa\u00f1ada de un entubamiento de los pluviales.<\/p>\n<p>Una vez ejecutada la obra, se nivelar\u00e1 la nueva calzada con la vereda que tambi\u00e9n ser\u00e1 renovada. Por todo el recorrido se incorporar\u00e1n bolardos que demarcar\u00e1n el l\u00edmite entre la vereda y la calle, cestos, iluminaci\u00f3n peatonal, mobiliario urbano nuevo y \u00e1rboles que adornar\u00e1n el paisaje del centro comercial.\u00a0La intervenci\u00f3n urbana tambi\u00e9n constar\u00e1 de un ordenamiento publicitario que contribuir\u00e1 a la disminuci\u00f3n de la contaminaci\u00f3n visual y promover\u00e1 la circulaci\u00f3n segura de los peatones.<\/p>\n<p><strong>RENOVACI\u00d3N DE LA RUTA 8 Y LLEGADA DEL METROBUS<\/strong><\/p>\n<p>La Ruta Provincial N\u00b0 8 es uno de los ejes de circulaci\u00f3n comercial e industrial m\u00e1s importantes de la zona oeste del Conurbano. Por all\u00ed circulan m\u00e1s de 120 mil pasajeros en seis l\u00edneas de transporte p\u00fablico. Desde la intersecci\u00f3n con la calle Lavalle hasta la intersecci\u00f3n con la avenida Per\u00f3n hay 2,5 kil\u00f3metros que atraviesan los barrios de Loma Hermosa, El Libertador, 11 de Septiembre y Churruca.<\/p>\n<p>Actualmente la ruta no cuenta con una planificaci\u00f3n urban\u00edstica adecuada y no existe vereda ni l\u00ednea de cord\u00f3n para proteger al peat\u00f3n.\u00a0Tampoco presenta demarcaci\u00f3n horizontal y est\u00e1 levemente semaforizada, lo que significa que las reglas de circulaci\u00f3n son poco claras, tanto para peatones como para conductores.<\/p>\n<p>Los trabajos previstos comprenden la construcci\u00f3n de calzadas laterales, demolici\u00f3n de la calzada existente, construcci\u00f3n de desag\u00fces pluviales, construcci\u00f3n de calzada central para el Metrobus, construcci\u00f3n de ciclov\u00eda sobre la vereda, se\u00f1alizaci\u00f3n horizontal y vertical, instalaci\u00f3n de columnas de iluminaci\u00f3n LED, nueva semaforizaci\u00f3n de la arteria, construcci\u00f3n de rampas para discapacitados en bocacalles y construcci\u00f3n de veredas.<\/p>\n<p>El dise\u00f1o geom\u00e9trico es para independizar el transporte p\u00fablico del resto del tr\u00e1nsito liviano y pesado, con el objetivo de evitar embotellamientos en paradas de colectivos y agilizar la circulaci\u00f3n vehicular. Esto se logra con tres sectores de calzada, uno central de doble sentido de circulaci\u00f3n para el Metrobus y dos calzadas laterales de tres carriles cada una. Las calzadas se proyectan separadas por un cantero que en algunas esquinas alojar\u00e1 los paradores para los colectivos de las diferentes l\u00edneas que circulan por la arteria.<\/p>\n<p>El proyecto contemplar\u00e1 el an\u00e1lisis de los recorridos y el servicio p\u00fablico de transporte, as\u00ed como la implantaci\u00f3n de paradores con plataformas a nivel para los buses, con zonas de esperas m\u00e1s confortables y seguras. Tambi\u00e9n se prev\u00e9 el desarrollo de espacios verdes para recreaci\u00f3n de los vecinos.<\/p>\n","protected":false},"excerpt":{"rendered":"<p>La\u00a0llegada del Metrob\u00fas en la Ruta 8 y la renovaci\u00f3n integral del Centro Comercial a Cielo Abierto 1\u00b0 de Mayo mejorar\u00e1n la calidad de vida de los vecinos y potenciar\u00e1n el desarrollo comercial de Loma Hermosa y El Libertador. El intendente de Tres de Febrero, Diego Valenzuela, realiz\u00f3 ambos anuncios ante comerciantes de la zona [&hellip;]<\/p>\n","protected":false},"author":1,"featured_media":3487,"comment_status":"closed","ping_status":"open","sticky":false,"template":"","format":"standard","meta":{"footnotes":""},"categories":[19,20,26],"tags":[],"class_list":{"0":"post-3486","1":"post","2":"type-post","3":"status-publish","4":"format-standard","5":"has-post-thumbnail","7":"category-informacion-general","8":"category-municipios","9":"category-tres-de-febrero"},"aioseo_notices":[],"_links":{"self":[{"href":"https:\/\/guiadenoticias.com.ar\/diario\/wp-json\/wp\/v2\/posts\/3486","targetHints":{"allow":["GET"]}}],"collection":[{"href":"https:\/\/guiadenoticias.com.ar\/diario\/wp-json\/wp\/v2\/posts"}],"about":[{"href":"https:\/\/guiadenoticias.com.ar\/diario\/wp-json\/wp\/v2\/types\/post"}],"author":[{"embeddable":true,"href":"https:\/\/guiadenoticias.com.ar\/diario\/wp-json\/wp\/v2\/users\/1"}],"replies":[{"embeddable":true,"href":"https:\/\/guiadenoticias.com.ar\/diario\/wp-json\/wp\/v2\/comments?post=3486"}],"version-history":[{"count":4,"href":"https:\/\/guiadenoticias.com.ar\/diario\/wp-json\/wp\/v2\/posts\/3486\/revisions"}],"predecessor-version":[{"id":3491,"href":"https:\/\/guiadenoticias.com.ar\/diario\/wp-json\/wp\/v2\/posts\/3486\/revisions\/3491"}],"wp:featuredmedia":[{"embeddable":true,"href":"https:\/\/guiadenoticias.com.ar\/diario\/wp-json\/wp\/v2\/media\/3487"}],"wp:attachment":[{"href":"https:\/\/guiadenoticias.com.ar\/diario\/wp-json\/wp\/v2\/media?parent=3486"}],"wp:term":[{"taxonomy":"category","embeddable":true,"href":"https:\/\/guiadenoticias.com.ar\/diario\/wp-json\/wp\/v2\/categories?post=3486"},{"taxonomy":"post_tag","embeddable":true,"href":"https:\/\/guiadenoticias.com.ar\/diario\/wp-json\/wp\/v2\/tags?post=3486"}],"curies":[{"name":"wp","href":"https:\/\/api.w.org\/{rel}","templated":true}]}}