{"id":3536,"date":"2016-08-01T01:23:03","date_gmt":"2016-08-01T04:23:03","guid":{"rendered":"http:\/\/guiadenoticias.com.ar\/diario\/?p=3536"},"modified":"2016-08-01T01:23:22","modified_gmt":"2016-08-01T04:23:22","slug":"luis-andreotti-recibio-a-vidal-y-a-salvador-en-san-fernando","status":"publish","type":"post","link":"https:\/\/guiadenoticias.com.ar\/diario\/luis-andreotti-recibio-a-vidal-y-a-salvador-en-san-fernando\/","title":{"rendered":"Luis Andreotti recibi\u00f3 a Vidal y a Salvador en San Fernando"},"content":{"rendered":"<p>El intendente Luis Andreotti recibi\u00f3 a la gobernadora de la Provincia, Mar\u00eda Eugenia Vidal, al vicegobernador Daniel Salvador y al subsecretario de Gobierno y Asuntos Municipales, Alex Campbell, quienes recorrieron los distintos stands desplegados en la plaza Carlos Gardel y el Centro Cultural Municipal en el marco de un operativo que dur\u00f3 tres d\u00edas.<\/p>\n<p>Dicho operativo, realizado en la localidad de Virreyes, entre el municipio de San Fernando, la provincia de Buenos Aires y Naci\u00f3n, ofreci\u00f3 a los vecinos distintos stands y unidades con m\u00e1s de 20 servicios gratuitos. La gente pudo realizar tr\u00e1mites de documentaci\u00f3n, tarifa social de SUBE, PAMI y AYSA, entre otros organismos; adem\u00e1s de los 15 stands municipales con m\u00f3viles de Salud, Zoonosis, Atenci\u00f3n al Vecino y varios programas de Contenci\u00f3n Social. Pas\u00f3 tambi\u00e9n por all\u00ed la vicepresidenta Gabriela Michetti.<\/p>\n<p>Respecto del encuentro el jefe comunal dijo: \u201cEs importante trabajar en conjunto para los vecinos. Tanto la Provincia como el municipio debemos bregar para que se le reconozca a Buenos Aires el problema econ\u00f3mico financiero que tiene hace 32 a\u00f1os de democracia y que se traslada a las comunas. Esto se ve reflejado en tener los colegios, los hospitales y las rutas con problemas. La pelea por el federalismo es todos los d\u00edas. Cuando se logre eso, los vecinos y todo el pa\u00eds van a estar mejor\u00bb.<\/p>\n<p>Por su parte, Daniel Salvador (vecino del distrito) expres\u00f3 que \u00abestas tareas en conjunto nos marcan un camino ideal, la b\u00fasqueda del di\u00e1logo. Nos permite llevar adelante pol\u00edticas compartidas como lo que est\u00e1 ocurriendo hoy en San Fernando. Es mucho lo que hay que hacer, pero ya se est\u00e1 transitando por un camino distinto y buscando la uni\u00f3n de los argentinos y, sobre esa uni\u00f3n, buscar medidas correctas de gobierno y construir las respuestas que est\u00e1n esperando los bonaerenses. Ac\u00e1 hay un gobierno que escucha y que sabe que la \u00fanica alternativa de poner este pa\u00eds y esta provincia de pie, es empezar a construir no sobre un relato sino sobre la realidad\u201d.<\/p>\n<p>En tanto, el subsecretario de Gobierno y Asuntos Municipales consider\u00f3, \u201clo que les pasaba a Luis Andreotti y a muchos otros intendentes de Buenos Aires es que eran discriminados por el Frente para la Victoria. El vicegobernador y yo somos de ac\u00e1 y por supuesto tenemos el coraz\u00f3n puesto en San Fernando y queremos trabajar para que a la gesti\u00f3n de Andreotti y a todos los vecinos del distrito les vaya bien. Estamos recorriendo toda la Provincia sin discriminar por color pol\u00edtico\u00bb.<\/p>\n<p>Adem\u00e1s, mencion\u00f3: \u201cPudimos solucionar un tema que hab\u00eda frente al Aeropuerto, sac\u00e1ndolo adelante para el desarrollo de San Fernando. Vamos a avanzar con la recuperaci\u00f3n de la Costa, tarea que ya hemos profundizado con el diputado Juan Andreotti\u201d.<\/p>\n<p><strong>LAS PEORES PR\u00c1CTICAS<\/strong><\/p>\n<p>Tal como denunciaron varios periodistas que presenciaron la secuencia, gente de seguridad de Vidal agredi\u00f3 violentamente al fot\u00f3grafo del municipio Mauro Garc\u00eda Dell Olio.<\/p>\n<p>En un hecho ins\u00f3lito y repudiable, el joven reportero intent\u00f3 ingresar al SUM donde estaba la gobernadora junto con el resto de las autoridades, donde no permit\u00edan la entrada de los medios locales y, por lo visto, tampoco del equipo de prensa de la Comuna.<\/p>\n<p>Uno de estos custodios no encontr\u00f3 mejor manera de impedirle el acceso que con violencia f\u00edsica: lo tom\u00f3 por el cuello y lo golpe\u00f3 en el abdomen, otro lo golpe\u00f3 por la espalda. Esta acci\u00f3n gener\u00f3 una reacci\u00f3n generalizada de rechazo y no pas\u00f3 a mayores por decisi\u00f3n de los funcionarios de San Fernando.<\/p>\n","protected":false},"excerpt":{"rendered":"<p>El intendente Luis Andreotti recibi\u00f3 a la gobernadora de la Provincia, Mar\u00eda Eugenia Vidal, al vicegobernador Daniel Salvador y al subsecretario de Gobierno y Asuntos Municipales, Alex Campbell, quienes recorrieron los distintos stands desplegados en la plaza Carlos Gardel y el Centro Cultural Municipal en el marco de un operativo que dur\u00f3 tres d\u00edas. Dicho [&hellip;]<\/p>\n","protected":false},"author":1,"featured_media":3537,"comment_status":"closed","ping_status":"open","sticky":false,"template":"","format":"standard","meta":{"footnotes":""},"categories":[20,48,22],"tags":[],"class_list":{"0":"post-3536","1":"post","2":"type-post","3":"status-publish","4":"format-standard","5":"has-post-thumbnail","7":"category-municipios","8":"category-politica-argentina","9":"category-san-fernando"},"aioseo_notices":[],"_links":{"self":[{"href":"https:\/\/guiadenoticias.com.ar\/diario\/wp-json\/wp\/v2\/posts\/3536","targetHints":{"allow":["GET"]}}],"collection":[{"href":"https:\/\/guiadenoticias.com.ar\/diario\/wp-json\/wp\/v2\/posts"}],"about":[{"href":"https:\/\/guiadenoticias.com.ar\/diario\/wp-json\/wp\/v2\/types\/post"}],"author":[{"embeddable":true,"href":"https:\/\/guiadenoticias.com.ar\/diario\/wp-json\/wp\/v2\/users\/1"}],"replies":[{"embeddable":true,"href":"https:\/\/guiadenoticias.com.ar\/diario\/wp-json\/wp\/v2\/comments?post=3536"}],"version-history":[{"count":1,"href":"https:\/\/guiadenoticias.com.ar\/diario\/wp-json\/wp\/v2\/posts\/3536\/revisions"}],"predecessor-version":[{"id":3538,"href":"https:\/\/guiadenoticias.com.ar\/diario\/wp-json\/wp\/v2\/posts\/3536\/revisions\/3538"}],"wp:featuredmedia":[{"embeddable":true,"href":"https:\/\/guiadenoticias.com.ar\/diario\/wp-json\/wp\/v2\/media\/3537"}],"wp:attachment":[{"href":"https:\/\/guiadenoticias.com.ar\/diario\/wp-json\/wp\/v2\/media?parent=3536"}],"wp:term":[{"taxonomy":"category","embeddable":true,"href":"https:\/\/guiadenoticias.com.ar\/diario\/wp-json\/wp\/v2\/categories?post=3536"},{"taxonomy":"post_tag","embeddable":true,"href":"https:\/\/guiadenoticias.com.ar\/diario\/wp-json\/wp\/v2\/tags?post=3536"}],"curies":[{"name":"wp","href":"https:\/\/api.w.org\/{rel}","templated":true}]}}