{"id":3583,"date":"2016-08-03T02:23:29","date_gmt":"2016-08-03T05:23:29","guid":{"rendered":"http:\/\/guiadenoticias.com.ar\/diario\/?p=3583"},"modified":"2016-08-03T02:25:47","modified_gmt":"2016-08-03T05:25:47","slug":"movida-del-gobierno-macri-con-sindicalistas-y-frigerio-con-gobernadores","status":"publish","type":"post","link":"https:\/\/guiadenoticias.com.ar\/diario\/movida-del-gobierno-macri-con-sindicalistas-y-frigerio-con-gobernadores\/","title":{"rendered":"Movida del Gobierno: Macri con sindicalistas y Frigerio, con gobernadores"},"content":{"rendered":"<p>Mauricio Macri anunci\u00f3 que se saldar\u00e1 una \u00abdeuda hist\u00f3rica\u00bb de 2.704 millones de pesos que el Estado mantiene con las obras sociales sindicales, por los tratamientos m\u00e9dicos de alto costo que debe solventar el sector p\u00fablico y que ya fueron brindados.<\/p>\n<p>Antes del acto el mandatario se reuni\u00f3 en privado junto a Ger\u00f3nimo Venegas (UATRE), Armando Cavalieri (Comercio) y V\u00edctor Santa Mar\u00eda (SUTERH). Como contrapartida pegaron el faltazo Moyano y Barrionuevo.<\/p>\n<p>El anuncio fue realizado en el Sal\u00f3n Blanco de Casa de Gobierno, con la presencia del gabinete de ministros y representantes de gremios industriales y de servicios como Ger\u00f3nimo Venegas (UATRE), Gerardo Mart\u00ednez (UOCRA), Jos\u00e9 Luis Lingieri (Obras Sanitarias) y Andr\u00e9s Rodr\u00edguez (Estatales), entre otros.<\/p>\n<p>A trav\u00e9s de un comunicado, el Gobierno indic\u00f3 que el proyecto para el pago de la deuda con las obras sociales prev\u00e9 repartir un \u00abfondo de casi 30.000 millones de pesos acumulado desde hace a\u00f1os en el Banco Naci\u00f3n, sin repartirse entre las obras sociales que deb\u00edan recibirlo\u00bb.<\/p>\n<p>Esos 30.000 millones ser\u00e1n destinados de la siguiente forma: 8.000 para los hospitales p\u00fablicos; 2.704 para el pago de la deuda a las obras sociales sindicales; 4.500 para el Fondo de Emergencia y Asistencia a las obras sociales para circunstancias extraordinarias como epidemias, campa\u00f1as y la construcci\u00f3n de centro de salud.<\/p>\n<p>Los 14.000 millones restantes ser\u00e1n colocados en bonos del Tesoro Nacional, cuyos intereses ser\u00e1n integrados al Fondo Solidario de Redistribuci\u00f3n, que recibe el 15 por ciento de los aportes a las obras sociales para la atenci\u00f3n de empleados con bajos ingresos o tratamientos de alta complejidad, entre otras responsabilidades.<\/p>\n<p>Por otro lado, el mandatario anunci\u00f3 un plan de salud para 15 millones de personas. El programa de la \u00abCobertura Universal de Salud\u00bb proveer\u00e1 a cada paciente del sistema p\u00fablico una credencial, ficha m\u00e9dica, historia cl\u00ednica, descuento en los medicamentos y el \u00abacceso a los servicios de calidad que necesitan\u00bb.<\/p>\n<p><strong>GESTO A LOS GOBERNADORES<\/strong><br \/>\nLa otra foto de la jornada: el Gobierno suscribi\u00f3 con los representantes de 20 provincias y la Ciudad Aut\u00f3noma de Buenos Aires un acuerdo complementario para la devoluci\u00f3n escalonada del 15% en materia de coparticipaci\u00f3n federal,\u00a0que este a\u00f1o alcanzar\u00e1 los 37.126 millones de pesos.<\/p>\n<p>\u00abEste convenio deriva del acuerdo por el que Naci\u00f3n, provincias y CABA acordaron reducir la detracci\u00f3n de los 15 puntos porcentuales de la masa de recursos coparticipables, con destino a obligaciones previsionales a cargo de la Anses, a raz\u00f3n de 3 puntos anuales y que fuera ratificado por cada una de las legislaturas provinciales (restan CABA y La Rioja)\u00bb, cita un comunicado del ministerio que comanda Rogelio Frigerio.<\/p>\n<p>Dicho convenio prev\u00e9 adem\u00e1s un pr\u00e9stamo a favor de las provincias y de CABA con recursos del Fondo de Garant\u00eda de Sustentabilidad del Sistema Integrado Previsional Argentino (FGS), equivalente a 6 puntos porcentuales en el a\u00f1o 2016 del 15% de la masa de recursos coparticipables que le hubiera correspondido a cada una de las provincias si no se aplicara la detracci\u00f3n del 15% y de 3 puntos porcentuales para los per\u00edodos 2017, 2018 y 2019, previendo adem\u00e1s que los intereses no se capitalizar\u00e1n y se devengar\u00e1n a partir del d\u00eda de cada desembolso.<\/p>\n<p>As\u00ed, la Naci\u00f3n girar\u00e1 a las provincias en 2016 12.386 millones de pesos (3% de la devoluci\u00f3n de la coparticipaci\u00f3n) a los que se suman 24.771 millones de pesos del pr\u00e9stamo del FGS (6% de adelanto). En total ser\u00e1n 37.157 millones de pesos.<\/p>\n<p>De esos 12 mil millones, el retroactivo entre enero y julio se pagar\u00e1 en cinco cuotas mensuales y el resto comenz\u00f3 a ser distribuido a partir del 1 de agosto.<\/p>\n<p>Entre otros puntos, el acuerdo firmado prev\u00e9 que el monto correspondiente al 3% de la masa de recursos coparticipables retenido desde el 1\u00b0 de enero de 2016 hasta el 31 de julio de 2016 ser\u00e1 restituido a trav\u00e9s de ANSES en cuotas mensuales, iguales y consecutivas divididas por la cantidad de meses que resten hasta la finalizaci\u00f3n del a\u00f1o 2016.<\/p>\n<p>Teniendo en consideraci\u00f3n que el 1\u00b0 de agosto de este a\u00f1o comenz\u00f3 a hacerse efectiva la reducci\u00f3n de la detracci\u00f3n del 3% de la masa de recursos coparticipables, su restituci\u00f3n se efectivizar\u00e1 en cinco cuotas mensuales, iguales y consecutivas, debiendo abonarse la primera de ellas el d\u00eda 19 de agosto de 2016, la segunda el 20 de septiembre de 2016, la tercera el 20 de octubre de 2016, la cuarta el 18 de noviembre de 2016 y la quinta el 20 de diciembre de 2016.<\/p>\n<p>El Gobierno necesita reforzar los v\u00ednculos con los mandatarios provinciales, por un lado para garantizarse el apoyo en el Congreso para el tratamiento de las iniciativas del Poder Ejecutivo y por el otro con vistas a las elecciones de medio t\u00e9rmino.<\/p>\n<p>No extra\u00f1a entonces este megaencuentro que se llev\u00f3 a cabo en el Sal\u00f3n de los Pueblos Originarios,\u00a0ex sal\u00f3n Col\u00f3n presidido por cuatro ministros: el de Interior, Rogelio Frigerio, el de Producci\u00f3n, Francisco Cabrera, Hacienda, Alfonso Prat Gay, y de Comunicaciones, Oscar Aguad.<br \/>\nDe parte del Gobierno la intenci\u00f3n fue hablar de la reforma pol\u00edtica, b\u00e1sicamente el boleta \u00fanica\u00a0electr\u00f3nico, la reforma tributaria, temas inherentes a las comunicaciones\u00a0y lo que concita m\u00e1s inter\u00e9s para los mandatarios provinciales: la restituci\u00f3n del 15%.<\/p>\n<p>Los ausentes fueron los gobernadores de Santa Fe,\u00a0Miguel Miguel Lifschitz, La Pampa, Carlos Verna y Chubut, Mario Das Neves qui\u00e9n fue recientemente operado pero envi\u00f3 su vice gobernador.<\/p>\n<p>Uno de los temas en los cuales existe coincidencia en el seno del macrismo es solucionar la inequidad de la provincia de Buenos Aires. \u00abEs un reclamo justo, pero que hay que trabajarlo en el contexto del pa\u00eds que heredamos y que tenemos que construir entre todos\u201d, dijeron desde el PRO.<\/p>\n","protected":false},"excerpt":{"rendered":"<p>Mauricio Macri anunci\u00f3 que se saldar\u00e1 una \u00abdeuda hist\u00f3rica\u00bb de 2.704 millones de pesos que el Estado mantiene con las obras sociales sindicales, por los tratamientos m\u00e9dicos de alto costo que debe solventar el sector p\u00fablico y que ya fueron brindados. Antes del acto el mandatario se reuni\u00f3 en privado junto a Ger\u00f3nimo Venegas (UATRE), [&hellip;]<\/p>\n","protected":false},"author":1,"featured_media":3584,"comment_status":"closed","ping_status":"open","sticky":false,"template":"","format":"standard","meta":{"footnotes":""},"categories":[49,30,48],"tags":[],"class_list":{"0":"post-3583","1":"post","2":"type-post","3":"status-publish","4":"format-standard","5":"has-post-thumbnail","7":"category-economia-y-gremiales","8":"category-nacion","9":"category-politica-argentina"},"aioseo_notices":[],"_links":{"self":[{"href":"https:\/\/guiadenoticias.com.ar\/diario\/wp-json\/wp\/v2\/posts\/3583","targetHints":{"allow":["GET"]}}],"collection":[{"href":"https:\/\/guiadenoticias.com.ar\/diario\/wp-json\/wp\/v2\/posts"}],"about":[{"href":"https:\/\/guiadenoticias.com.ar\/diario\/wp-json\/wp\/v2\/types\/post"}],"author":[{"embeddable":true,"href":"https:\/\/guiadenoticias.com.ar\/diario\/wp-json\/wp\/v2\/users\/1"}],"replies":[{"embeddable":true,"href":"https:\/\/guiadenoticias.com.ar\/diario\/wp-json\/wp\/v2\/comments?post=3583"}],"version-history":[{"count":1,"href":"https:\/\/guiadenoticias.com.ar\/diario\/wp-json\/wp\/v2\/posts\/3583\/revisions"}],"predecessor-version":[{"id":3585,"href":"https:\/\/guiadenoticias.com.ar\/diario\/wp-json\/wp\/v2\/posts\/3583\/revisions\/3585"}],"wp:featuredmedia":[{"embeddable":true,"href":"https:\/\/guiadenoticias.com.ar\/diario\/wp-json\/wp\/v2\/media\/3584"}],"wp:attachment":[{"href":"https:\/\/guiadenoticias.com.ar\/diario\/wp-json\/wp\/v2\/media?parent=3583"}],"wp:term":[{"taxonomy":"category","embeddable":true,"href":"https:\/\/guiadenoticias.com.ar\/diario\/wp-json\/wp\/v2\/categories?post=3583"},{"taxonomy":"post_tag","embeddable":true,"href":"https:\/\/guiadenoticias.com.ar\/diario\/wp-json\/wp\/v2\/tags?post=3583"}],"curies":[{"name":"wp","href":"https:\/\/api.w.org\/{rel}","templated":true}]}}