{"id":3591,"date":"2016-08-04T00:52:29","date_gmt":"2016-08-04T03:52:29","guid":{"rendered":"http:\/\/guiadenoticias.com.ar\/diario\/?p=3591"},"modified":"2016-08-04T00:53:29","modified_gmt":"2016-08-04T03:53:29","slug":"la-justicia-freno-el-aumento-de-luz-en-todo-el-pais","status":"publish","type":"post","link":"https:\/\/guiadenoticias.com.ar\/diario\/la-justicia-freno-el-aumento-de-luz-en-todo-el-pais\/","title":{"rendered":"La Justicia fren\u00f3 el aumento de luz en todo el pa\u00eds"},"content":{"rendered":"<p>La ONG Ceppis &#8211; formada por militantes del kirchnerismo &#8211; logr\u00f3 con la luz lo mismo que ya hab\u00eda obtenido con el gas: que se frenen los aumentos en todo el pa\u00eds. Fue a trav\u00e9s de un fallo de Martina Isabel Forns, a cargo del juzgado Federal en lo Contencioso y Administrativo N\u00famero 2 de San Mart\u00edn.<\/p>\n<p>La jueza tambi\u00e9n orden\u00f3 al Enre, el organismo regulador, que arbitre las medidas necesarias para comunicar a distribuidores y prestadores que \u00abdeber\u00e1n\u00a0suspender el cobro de las facturas emitidas\u00a0como resultado de la aplicaci\u00f3n del nuevo cuadro tarifario, y liquidar las facturas respectivas a los valores vigentes con anterioridad a la resoluciones\u00bb. La medida provoc\u00f3\u00a0un profundo enojo en el Gobierno.<\/p>\n<p>En su fallo, la jueza puntualiza que las empresas distribuidoras y prestadoras del servicio el\u00e9ctrico \u00abdeber\u00e1n abstenerse de realizar cortes de suministro por falta de pago, con fundamento en la normativa suspendida\u00bb. En el Poder Ejecutivo le\u00edan el fallo como una jugada pol\u00edtica.<\/p>\n<p>Forns tambi\u00e9n determin\u00f3 que para el caso de que los aumentos facturados se hubiesen abonado a la fecha, \u00absus importes deber\u00e1n tenerse por pagados a cuenta, reintegr\u00e1ndose su monto en las pr\u00f3ximas facturas hasta su compensaci\u00f3n total\u00bb. El\u00a0Gobierno analiza\u00a0la medida judicial y presentar\u00e1\u00a0una apelaci\u00f3n.<\/p>\n","protected":false},"excerpt":{"rendered":"<p>La ONG Ceppis &#8211; formada por militantes del kirchnerismo &#8211; logr\u00f3 con la luz lo mismo que ya hab\u00eda obtenido con el gas: que se frenen los aumentos en todo el pa\u00eds. Fue a trav\u00e9s de un fallo de Martina Isabel Forns, a cargo del juzgado Federal en lo Contencioso y Administrativo N\u00famero 2 de [&hellip;]<\/p>\n","protected":false},"author":1,"featured_media":3592,"comment_status":"closed","ping_status":"open","sticky":false,"template":"","format":"standard","meta":{"footnotes":""},"categories":[49,30,48],"tags":[],"class_list":{"0":"post-3591","1":"post","2":"type-post","3":"status-publish","4":"format-standard","5":"has-post-thumbnail","7":"category-economia-y-gremiales","8":"category-nacion","9":"category-politica-argentina"},"aioseo_notices":[],"_links":{"self":[{"href":"https:\/\/guiadenoticias.com.ar\/diario\/wp-json\/wp\/v2\/posts\/3591","targetHints":{"allow":["GET"]}}],"collection":[{"href":"https:\/\/guiadenoticias.com.ar\/diario\/wp-json\/wp\/v2\/posts"}],"about":[{"href":"https:\/\/guiadenoticias.com.ar\/diario\/wp-json\/wp\/v2\/types\/post"}],"author":[{"embeddable":true,"href":"https:\/\/guiadenoticias.com.ar\/diario\/wp-json\/wp\/v2\/users\/1"}],"replies":[{"embeddable":true,"href":"https:\/\/guiadenoticias.com.ar\/diario\/wp-json\/wp\/v2\/comments?post=3591"}],"version-history":[{"count":1,"href":"https:\/\/guiadenoticias.com.ar\/diario\/wp-json\/wp\/v2\/posts\/3591\/revisions"}],"predecessor-version":[{"id":3593,"href":"https:\/\/guiadenoticias.com.ar\/diario\/wp-json\/wp\/v2\/posts\/3591\/revisions\/3593"}],"wp:featuredmedia":[{"embeddable":true,"href":"https:\/\/guiadenoticias.com.ar\/diario\/wp-json\/wp\/v2\/media\/3592"}],"wp:attachment":[{"href":"https:\/\/guiadenoticias.com.ar\/diario\/wp-json\/wp\/v2\/media?parent=3591"}],"wp:term":[{"taxonomy":"category","embeddable":true,"href":"https:\/\/guiadenoticias.com.ar\/diario\/wp-json\/wp\/v2\/categories?post=3591"},{"taxonomy":"post_tag","embeddable":true,"href":"https:\/\/guiadenoticias.com.ar\/diario\/wp-json\/wp\/v2\/tags?post=3591"}],"curies":[{"name":"wp","href":"https:\/\/api.w.org\/{rel}","templated":true}]}}