{"id":3603,"date":"2016-08-05T03:13:20","date_gmt":"2016-08-05T06:13:20","guid":{"rendered":"http:\/\/guiadenoticias.com.ar\/diario\/?p=3603"},"modified":"2016-08-05T03:13:38","modified_gmt":"2016-08-05T06:13:38","slug":"suteba-y-concejales-opositores-reclaman-a-posse-recursos-para-educacion","status":"publish","type":"post","link":"https:\/\/guiadenoticias.com.ar\/diario\/suteba-y-concejales-opositores-reclaman-a-posse-recursos-para-educacion\/","title":{"rendered":"Suteba y concejales opositores reclaman a Posse recursos para Educaci\u00f3n"},"content":{"rendered":"<p>Momentos antes de la \u00faltima sesi\u00f3n ordinaria de San Isidro, concejales de la oposici\u00f3n recibieron a dirigentes docentes, a quienes les expresaron su acompa\u00f1amiento en el reclamo por el uso del Fondo Educativo, conformado por recursos coparticipables y que recibe el municipio. Adem\u00e1s, dejaron en claro la defensa de la educaci\u00f3n p\u00fablica.<\/p>\n<p>Alicia Quevedo, secretaria General de Suteba, y David Luzzi, secretario Adjunto, se reunieron con los ediles de Consenso por San Isidro, Frente Renovador, Frente para la Victoria y Libres del Sur. No fueron de la partida el oficialismo, el PRO y ConVocaci\u00f3n por San Isidro.<\/p>\n<p>En di\u00e1logo con Gu\u00eda de Noticias, Quevedo mencion\u00f3 que reclaman \u201cla conformaci\u00f3n de una mesa plural, con participaci\u00f3n de las autoridades municipales, de los gremios y de la comunidad educativa, para fijar las prioridades y destinar ese dinero a la educaci\u00f3n p\u00fablica\u201d.<\/p>\n<p>Luzzi aport\u00f3 n\u00fameros: \u201cSon alrededor de 4,5 millones de pesos mensuales que recibe San Isidro\u201d, cifra que desconocen el destino; en ese sentido cont\u00f3 que \u201capoyamos un pedido de informes hace dos a\u00f1os y no tuvimos respuesta\u201d.<\/p>\n<p>Revelaron que no tienen contacto con el Ejecutivo. Quevedo aclar\u00f3 que \u201cs\u00f3lo logramos que desde Provincia se separe ese fondo que hab\u00eda nacido para Cultura y Educaci\u00f3n, que sea exclusivamente para Educaci\u00f3n\u201d.<\/p>\n<p><strong>PARITARIAS DE NUEVO<\/strong><\/p>\n<p>\u201cEl tema de reapertura de paritarias no s\u00f3lo se viene dilatando, porque el pedido lo hicimos en julio y la reuni\u00f3n ser\u00e1 el 9 de agosto, sino que, adem\u00e1s, todas las se\u00f1ales que tenemos son que no vamos a tener respuesta favorable\u201d.\u00a0 Cabe remarcar que el sector eval\u00faa un paro para el 11 de agosto.<\/p>\n<p>La secretaria General de Suteba San Isidro describi\u00f3 un cuadro desalentador: \u201cUn docente que trabaja 4 horas no cubre de ninguna manera sus necesidades b\u00e1sicas. Trabajar dos cargos no es una decisi\u00f3n del maestro, no todo el mundo accede a eso. Globalmente quedamos 12 puntos debajo de la inflaci\u00f3n\u201d.<\/p>\n<p>Los dirigentes gremiales destacaron que el reclamo a Provincia abarca tambi\u00e9n la situaci\u00f3n en infraestructura escolar y comedores, cuya demanda creci\u00f3 30 por ciento.<\/p>\n","protected":false},"excerpt":{"rendered":"<p>Momentos antes de la \u00faltima sesi\u00f3n ordinaria de San Isidro, concejales de la oposici\u00f3n recibieron a dirigentes docentes, a quienes les expresaron su acompa\u00f1amiento en el reclamo por el uso del Fondo Educativo, conformado por recursos coparticipables y que recibe el municipio. Adem\u00e1s, dejaron en claro la defensa de la educaci\u00f3n p\u00fablica. Alicia Quevedo, secretaria [&hellip;]<\/p>\n","protected":false},"author":1,"featured_media":3604,"comment_status":"closed","ping_status":"open","sticky":false,"template":"","format":"standard","meta":{"footnotes":""},"categories":[49,20,48,21],"tags":[],"class_list":{"0":"post-3603","1":"post","2":"type-post","3":"status-publish","4":"format-standard","5":"has-post-thumbnail","7":"category-economia-y-gremiales","8":"category-municipios","9":"category-politica-argentina","10":"category-san-isidro"},"aioseo_notices":[],"_links":{"self":[{"href":"https:\/\/guiadenoticias.com.ar\/diario\/wp-json\/wp\/v2\/posts\/3603","targetHints":{"allow":["GET"]}}],"collection":[{"href":"https:\/\/guiadenoticias.com.ar\/diario\/wp-json\/wp\/v2\/posts"}],"about":[{"href":"https:\/\/guiadenoticias.com.ar\/diario\/wp-json\/wp\/v2\/types\/post"}],"author":[{"embeddable":true,"href":"https:\/\/guiadenoticias.com.ar\/diario\/wp-json\/wp\/v2\/users\/1"}],"replies":[{"embeddable":true,"href":"https:\/\/guiadenoticias.com.ar\/diario\/wp-json\/wp\/v2\/comments?post=3603"}],"version-history":[{"count":1,"href":"https:\/\/guiadenoticias.com.ar\/diario\/wp-json\/wp\/v2\/posts\/3603\/revisions"}],"predecessor-version":[{"id":3605,"href":"https:\/\/guiadenoticias.com.ar\/diario\/wp-json\/wp\/v2\/posts\/3603\/revisions\/3605"}],"wp:featuredmedia":[{"embeddable":true,"href":"https:\/\/guiadenoticias.com.ar\/diario\/wp-json\/wp\/v2\/media\/3604"}],"wp:attachment":[{"href":"https:\/\/guiadenoticias.com.ar\/diario\/wp-json\/wp\/v2\/media?parent=3603"}],"wp:term":[{"taxonomy":"category","embeddable":true,"href":"https:\/\/guiadenoticias.com.ar\/diario\/wp-json\/wp\/v2\/categories?post=3603"},{"taxonomy":"post_tag","embeddable":true,"href":"https:\/\/guiadenoticias.com.ar\/diario\/wp-json\/wp\/v2\/tags?post=3603"}],"curies":[{"name":"wp","href":"https:\/\/api.w.org\/{rel}","templated":true}]}}