{"id":3668,"date":"2016-08-08T01:06:53","date_gmt":"2016-08-08T04:06:53","guid":{"rendered":"http:\/\/guiadenoticias.com.ar\/diario\/?p=3668"},"modified":"2016-08-08T01:07:28","modified_gmt":"2016-08-08T04:07:28","slug":"organizaciones-sociales-politicas-y-gremiales-exigen-un-comite-de-crisis","status":"publish","type":"post","link":"https:\/\/guiadenoticias.com.ar\/diario\/organizaciones-sociales-politicas-y-gremiales-exigen-un-comite-de-crisis\/","title":{"rendered":"Organizaciones sociales, pol\u00edticas y gremiales exigen un \u00abcomit\u00e9 de crisis\u00bb"},"content":{"rendered":"<p>La marcha organizada por Barrios de Pie, la Corriente Clasista y Combativa (CCC) y la Confederaci\u00f3n de Trabajadores de la Econom\u00eda Popular (CTEP) tuvo su cierre con tres oradores que criticaron las pol\u00edticas del gobierno de Mauricio Macri.<\/p>\n<p>En la Plaza de Mayo, poblada por unas 100.000 personas, seg\u00fan c\u00e1lculos de los promotores de la protesta, hablaron Amancay Ardura (CCC), Daniel Men\u00e9ndez (Barrios de Pie) y Esteban Castro (CTEP). La marcha tuvo la adhesi\u00f3n de referentes sindicales y pol\u00edticos que se sumaron a la convocatoria.<\/p>\n<p>\u00abPlanteamos la necesidad de crear un comit\u00e9 de crisis y de que se incrementen los programas de empleo\u00bb, afirm\u00f3 Men\u00e9ndez, al comentar el tono que tuvieron los discursos pronunciados en el escenario que se mont\u00f3 en la Plaza de Mayo. \u00abSi no hay avances, vamos por una marcha federal\u00bb, adelant\u00f3 el referente de Barrios de Pie.<\/p>\n<p>La marcha, originalmente organizada solo por las organizaciones sociales que la planean desde hace varios meses como un acto de confluencia, sum\u00f3 adhesiones de referentes gremiales, como Hugo Yasky y Pablo Micheli (l\u00edderes de las dos vertientes de la CTA), o Roberto Baradel (Suteba), y pol\u00edticas, como los kirchneristas Fernando \u00abChino\u00bb Navarro, o el ex juez de la Corte Suprema Eugenio Zaffaroni.<\/p>\n<p>Con el lema \u00abPaz, pan y trabajo\u00bb, tambi\u00e9n participaron de la convocatoria el Movimiento Evita, la Fundaci\u00f3n La Alameda, entre otros, junto con sectores de la CTA y la CGT.<\/p>\n","protected":false},"excerpt":{"rendered":"<p>La marcha organizada por Barrios de Pie, la Corriente Clasista y Combativa (CCC) y la Confederaci\u00f3n de Trabajadores de la Econom\u00eda Popular (CTEP) tuvo su cierre con tres oradores que criticaron las pol\u00edticas del gobierno de Mauricio Macri. En la Plaza de Mayo, poblada por unas 100.000 personas, seg\u00fan c\u00e1lculos de los promotores de la [&hellip;]<\/p>\n","protected":false},"author":1,"featured_media":3670,"comment_status":"closed","ping_status":"open","sticky":false,"template":"","format":"standard","meta":{"footnotes":""},"categories":[49,30,48],"tags":[],"class_list":{"0":"post-3668","1":"post","2":"type-post","3":"status-publish","4":"format-standard","5":"has-post-thumbnail","7":"category-economia-y-gremiales","8":"category-nacion","9":"category-politica-argentina"},"aioseo_notices":[],"_links":{"self":[{"href":"https:\/\/guiadenoticias.com.ar\/diario\/wp-json\/wp\/v2\/posts\/3668","targetHints":{"allow":["GET"]}}],"collection":[{"href":"https:\/\/guiadenoticias.com.ar\/diario\/wp-json\/wp\/v2\/posts"}],"about":[{"href":"https:\/\/guiadenoticias.com.ar\/diario\/wp-json\/wp\/v2\/types\/post"}],"author":[{"embeddable":true,"href":"https:\/\/guiadenoticias.com.ar\/diario\/wp-json\/wp\/v2\/users\/1"}],"replies":[{"embeddable":true,"href":"https:\/\/guiadenoticias.com.ar\/diario\/wp-json\/wp\/v2\/comments?post=3668"}],"version-history":[{"count":1,"href":"https:\/\/guiadenoticias.com.ar\/diario\/wp-json\/wp\/v2\/posts\/3668\/revisions"}],"predecessor-version":[{"id":3671,"href":"https:\/\/guiadenoticias.com.ar\/diario\/wp-json\/wp\/v2\/posts\/3668\/revisions\/3671"}],"wp:featuredmedia":[{"embeddable":true,"href":"https:\/\/guiadenoticias.com.ar\/diario\/wp-json\/wp\/v2\/media\/3670"}],"wp:attachment":[{"href":"https:\/\/guiadenoticias.com.ar\/diario\/wp-json\/wp\/v2\/media?parent=3668"}],"wp:term":[{"taxonomy":"category","embeddable":true,"href":"https:\/\/guiadenoticias.com.ar\/diario\/wp-json\/wp\/v2\/categories?post=3668"},{"taxonomy":"post_tag","embeddable":true,"href":"https:\/\/guiadenoticias.com.ar\/diario\/wp-json\/wp\/v2\/tags?post=3668"}],"curies":[{"name":"wp","href":"https:\/\/api.w.org\/{rel}","templated":true}]}}