{"id":3743,"date":"2016-08-12T01:07:52","date_gmt":"2016-08-12T04:07:52","guid":{"rendered":"http:\/\/guiadenoticias.com.ar\/diario\/?p=3743"},"modified":"2016-08-12T01:11:06","modified_gmt":"2016-08-12T04:11:06","slug":"descarrilo-un-tren-del-sarmiento-en-liniers","status":"publish","type":"post","link":"https:\/\/guiadenoticias.com.ar\/diario\/descarrilo-un-tren-del-sarmiento-en-liniers\/","title":{"rendered":"Descarril\u00f3 un tren del Sarmiento en Liniers"},"content":{"rendered":"<p>Una formaci\u00f3n del ferrocarril Sarmiento que se dirig\u00eda hacia Once descarril\u00f3 el jueves a la salida de la estaci\u00f3n Liniers. Hubo 18 heridos.<\/p>\n<p>El tren chapa RC07 descarril\u00f3 a las 13.10 a la altura del paso a nivel de la calle Barrag\u00e1n, casi sobre el final de la estaci\u00f3n. \u00abDescalz\u00f3 un bogie del cuarto coche sobre las v\u00edas de la traza el\u00e9ctrica\u00bb, inform\u00f3 Trenes Argentinos Operadora.<\/p>\n<p>El SAME despleg\u00f3 un importante operativo, que incluy\u00f3 10 ambulancias y una unidad de cat\u00e1strofe. El titular del servicio, Alberto Crescenti, aclar\u00f3 que los lesionados no corr\u00edan peligro.<\/p>\n<p>\u00abTrasladamos 18 pacientes con heridas leves, algunos con crisis nerviosa, a los hospitales Santojanni, Dur\u00e1n y V\u00e9lez Sarsfield. Est\u00e1n todos bien\u00bb, precis\u00f3.<\/p>\n<p>El delegado de la l\u00ednea, Rub\u00e9n \u00abPollo\u00bb Sobrero, declar\u00f3 que el mal estado de las v\u00edas en el lugar donde se produjo el accidente ya hab\u00eda sido denunciado. \u00abCuando se hizo la renovaci\u00f3n de v\u00edas ac\u00e1 no se hizo ning\u00fan cambio, s\u00f3lo se renovaron las v\u00edas que van rectas. Falta terminar la obra y no s\u00e9 por qu\u00e9 no la terminan\u00bb, advirti\u00f3.<\/p>\n<p>\u00abTambi\u00e9n hay problema con los trenes chinos, porque la parte que agarra con el riel es mucho m\u00e1s chica que la vieja. Un cambio en el estado en el que est\u00e1n las v\u00edas era obvio que iba a provocar que el tren descarrile. Todo el mundo lo sab\u00eda\u00bb, agreg\u00f3.<\/p>\n","protected":false},"excerpt":{"rendered":"<p>Una formaci\u00f3n del ferrocarril Sarmiento que se dirig\u00eda hacia Once descarril\u00f3 el jueves a la salida de la estaci\u00f3n Liniers. Hubo 18 heridos. El tren chapa RC07 descarril\u00f3 a las 13.10 a la altura del paso a nivel de la calle Barrag\u00e1n, casi sobre el final de la estaci\u00f3n. \u00abDescalz\u00f3 un bogie del cuarto coche [&hellip;]<\/p>\n","protected":false},"author":1,"featured_media":3744,"comment_status":"closed","ping_status":"open","sticky":false,"template":"","format":"standard","meta":{"footnotes":""},"categories":[19,20,31],"tags":[],"class_list":{"0":"post-3743","1":"post","2":"type-post","3":"status-publish","4":"format-standard","5":"has-post-thumbnail","7":"category-informacion-general","8":"category-municipios","9":"category-provincia"},"aioseo_notices":[],"_links":{"self":[{"href":"https:\/\/guiadenoticias.com.ar\/diario\/wp-json\/wp\/v2\/posts\/3743","targetHints":{"allow":["GET"]}}],"collection":[{"href":"https:\/\/guiadenoticias.com.ar\/diario\/wp-json\/wp\/v2\/posts"}],"about":[{"href":"https:\/\/guiadenoticias.com.ar\/diario\/wp-json\/wp\/v2\/types\/post"}],"author":[{"embeddable":true,"href":"https:\/\/guiadenoticias.com.ar\/diario\/wp-json\/wp\/v2\/users\/1"}],"replies":[{"embeddable":true,"href":"https:\/\/guiadenoticias.com.ar\/diario\/wp-json\/wp\/v2\/comments?post=3743"}],"version-history":[{"count":1,"href":"https:\/\/guiadenoticias.com.ar\/diario\/wp-json\/wp\/v2\/posts\/3743\/revisions"}],"predecessor-version":[{"id":3745,"href":"https:\/\/guiadenoticias.com.ar\/diario\/wp-json\/wp\/v2\/posts\/3743\/revisions\/3745"}],"wp:featuredmedia":[{"embeddable":true,"href":"https:\/\/guiadenoticias.com.ar\/diario\/wp-json\/wp\/v2\/media\/3744"}],"wp:attachment":[{"href":"https:\/\/guiadenoticias.com.ar\/diario\/wp-json\/wp\/v2\/media?parent=3743"}],"wp:term":[{"taxonomy":"category","embeddable":true,"href":"https:\/\/guiadenoticias.com.ar\/diario\/wp-json\/wp\/v2\/categories?post=3743"},{"taxonomy":"post_tag","embeddable":true,"href":"https:\/\/guiadenoticias.com.ar\/diario\/wp-json\/wp\/v2\/tags?post=3743"}],"curies":[{"name":"wp","href":"https:\/\/api.w.org\/{rel}","templated":true}]}}