{"id":3785,"date":"2016-08-15T18:23:40","date_gmt":"2016-08-15T21:23:40","guid":{"rendered":"http:\/\/guiadenoticias.com.ar\/diario\/?p=3785"},"modified":"2016-08-15T18:23:58","modified_gmt":"2016-08-15T21:23:58","slug":"el-municipio-acompana-al-alumno-brutalmente-agredido-en-san-fernando","status":"publish","type":"post","link":"https:\/\/guiadenoticias.com.ar\/diario\/el-municipio-acompana-al-alumno-brutalmente-agredido-en-san-fernando\/","title":{"rendered":"El municipio acompa\u00f1a al alumno brutalmente agredido en San Fernando"},"content":{"rendered":"<p>El municipio de San Fernando apoya a las v\u00edctimas de la inseguridad o la violencia. El caso m\u00e1s reciente es el del estudiante del colegio San Pablo, Ian Mardones Mart\u00edn. El joven de 15 a\u00f1os fue abordado en la intersecci\u00f3n de Avenida Avellaneda y Pueyrred\u00f3n por una banda de atacantes, cuando se retiraba del establecimiento educativo una vez finalizada su jornada escolar.<\/p>\n<p>Producto de las fuertes lesiones en su cabeza, el alumno debi\u00f3 ser intervenido quir\u00fargicamente en el Hospital de San Isidro, donde permanece internado con coma farmacol\u00f3gico bajo observaci\u00f3n.<\/p>\n<p>Autoridades de la Comuna recibieron a la madre de la v\u00edctima, Natalia Soledad Mart\u00edn, para solidarizarse y acompa\u00f1arla llevando adelante la denuncia penal y el reclamo de justicia.<\/p>\n<p>\u201cEs pol\u00edtica del municipio, en cuanto a seguridad, acompa\u00f1ar a la v\u00edctima y lo hemos hecho con el caso de Cinzia, la vicedirectora del colegio atacada, quien logr\u00f3 una sentencia importante de 8 a\u00f1os de prisi\u00f3n para su agresor en cuanto se comprob\u00f3 la actuaci\u00f3n\u201d, manifest\u00f3 la secretaria de Medio Ambiente y Salud P\u00fablica, Alicia Aparicio.<\/p>\n<p>La funcionaria explic\u00f3 que \u201cIan est\u00e1 internado en terapia intensiva con un derrame cerebral, fractura de cr\u00e1neo y con seis horas de operaci\u00f3n, y ahora atraviesa una situaci\u00f3n delicada, con un coma farmacol\u00f3gico inducido en el Hospital de San Isidro\u201d. \u201cEs un alumno del distrito de San Fernando y no vamos a tolerar actos de violencia en forma salvaje donde se le pega a un alumno o a cualquier persona sin que pueda defenderse. No vamos a permitir eso porque creemos que la violencia no es forma de respuesta\u201d, sostuvo.<\/p>\n<p>En este sentido, asever\u00f3: \u201cEl municipio, a pedido del intendente, va a ser querellante en el caso conjuntamente con la madre para que este tipo de sucesos no vuelva a pasar. No puede ser que en las puertas de los colegios se junten personajes de este tipo a agredir porque no le gusta la cara o lo que hace el otro, y lo golpeen como est\u00e1 en las filmaciones\u201d.<\/p>\n<p>Aparicio consider\u00f3 que \u201cNatalia es una persona muy valiente, no la dejaremos sola y vamos a pedirle a los pap\u00e1s de los otros menores que han sido agredidos que se ocupen de sus hijos, que est\u00e9n y les expliquen que hay cosas que no se deben hacer\u201d.<\/p>\n<p>\u201cVa a tener el acompa\u00f1amiento hasta que llegue al final en donde la Justicia realice un veredicto que sea un precedente para toda la cantidad de chicos que estamos teniendo golpeados en las puertas de los colegios, cuando van a bailar o cuando salen. Por eso tambi\u00e9n vamos apoyar a los fiscales para darle todos los elementos que tengamos como filmaciones, para ayudar a que la causa siga su cauce\u00bb, indic\u00f3.<\/p>\n","protected":false},"excerpt":{"rendered":"<p>El municipio de San Fernando apoya a las v\u00edctimas de la inseguridad o la violencia. El caso m\u00e1s reciente es el del estudiante del colegio San Pablo, Ian Mardones Mart\u00edn. El joven de 15 a\u00f1os fue abordado en la intersecci\u00f3n de Avenida Avellaneda y Pueyrred\u00f3n por una banda de atacantes, cuando se retiraba del establecimiento [&hellip;]<\/p>\n","protected":false},"author":1,"featured_media":3786,"comment_status":"closed","ping_status":"open","sticky":false,"template":"","format":"standard","meta":{"footnotes":""},"categories":[19,20,22],"tags":[],"class_list":{"0":"post-3785","1":"post","2":"type-post","3":"status-publish","4":"format-standard","5":"has-post-thumbnail","7":"category-informacion-general","8":"category-municipios","9":"category-san-fernando"},"aioseo_notices":[],"_links":{"self":[{"href":"https:\/\/guiadenoticias.com.ar\/diario\/wp-json\/wp\/v2\/posts\/3785","targetHints":{"allow":["GET"]}}],"collection":[{"href":"https:\/\/guiadenoticias.com.ar\/diario\/wp-json\/wp\/v2\/posts"}],"about":[{"href":"https:\/\/guiadenoticias.com.ar\/diario\/wp-json\/wp\/v2\/types\/post"}],"author":[{"embeddable":true,"href":"https:\/\/guiadenoticias.com.ar\/diario\/wp-json\/wp\/v2\/users\/1"}],"replies":[{"embeddable":true,"href":"https:\/\/guiadenoticias.com.ar\/diario\/wp-json\/wp\/v2\/comments?post=3785"}],"version-history":[{"count":1,"href":"https:\/\/guiadenoticias.com.ar\/diario\/wp-json\/wp\/v2\/posts\/3785\/revisions"}],"predecessor-version":[{"id":3787,"href":"https:\/\/guiadenoticias.com.ar\/diario\/wp-json\/wp\/v2\/posts\/3785\/revisions\/3787"}],"wp:featuredmedia":[{"embeddable":true,"href":"https:\/\/guiadenoticias.com.ar\/diario\/wp-json\/wp\/v2\/media\/3786"}],"wp:attachment":[{"href":"https:\/\/guiadenoticias.com.ar\/diario\/wp-json\/wp\/v2\/media?parent=3785"}],"wp:term":[{"taxonomy":"category","embeddable":true,"href":"https:\/\/guiadenoticias.com.ar\/diario\/wp-json\/wp\/v2\/categories?post=3785"},{"taxonomy":"post_tag","embeddable":true,"href":"https:\/\/guiadenoticias.com.ar\/diario\/wp-json\/wp\/v2\/tags?post=3785"}],"curies":[{"name":"wp","href":"https:\/\/api.w.org\/{rel}","templated":true}]}}