{"id":3801,"date":"2016-08-17T02:18:07","date_gmt":"2016-08-17T05:18:07","guid":{"rendered":"http:\/\/guiadenoticias.com.ar\/diario\/?p=3801"},"modified":"2016-08-17T03:06:12","modified_gmt":"2016-08-17T06:06:12","slug":"aranguren-a-mi-me-saca-y-me-pone-el-presidente","status":"publish","type":"post","link":"https:\/\/guiadenoticias.com.ar\/diario\/aranguren-a-mi-me-saca-y-me-pone-el-presidente\/","title":{"rendered":"Aranguren: \u00abA m\u00ed me saca y me pone el Presidente\u00bb"},"content":{"rendered":"<p>El ministro de Energ\u00eda, Juan Jos\u00e9 Aranguren, se present\u00f3 ante un plenario de comisiones de la C\u00e1mara de Diputados para referirse al aumento en las tarifas de servicios p\u00fablicos que promueve el Gobierno, y que se encuentran frenados por decisiones judiciales.<\/p>\n<p>Como conclusi\u00f3n, el funcionario indic\u00f3 que el Gobierno \u00abactuar\u00e1 en consecuencia\u00bb del fallo de la Corte Suprema sobre el ajuste tarifario, aunque ratific\u00f3 que tiene \u00abla certeza\u00bb de que est\u00e1 en la direcci\u00f3n correcta. En cuanto a los diputados que pidieron o sugirieron que deb\u00eda renunciar, respondi\u00f3: \u00abA m\u00ed me saca y me pone el Presidente\u00bb.<\/p>\n<p>La reuni\u00f3n se anticipaba con cierta tensi\u00f3n, dado que dirigentes opositores han cuestionado con dureza las subas y en particular el papel de Aranguren. El Frente para la Victoria incluso denunci\u00f3 al funcionario en la Justicia y planeaba descargar munici\u00f3n gruesa en su contra durante la jornada.<\/p>\n<p>El kirchnerismo present\u00f3 una nutrida concurrencia, en la que figuraban, por caso, M\u00e1ximo Kirchner y otros representantes de la agrupaci\u00f3n La C\u00e1mpora. Sin embargo, el titular de la comisi\u00f3n de Energ\u00eda, el ex ministro de Planificaci\u00f3n Federal Julio De Vido, resolvi\u00f3 no participar. Las razones fueron expuestas en un mensaje en su muro de Facebook, en el que explic\u00f3 que no quer\u00eda que se \u00abdesv\u00ede la discusi\u00f3n hacia cuestiones que responden a diferentes concepciones ideol\u00f3gicas y pol\u00edticas, especialmente en relaci\u00f3n al rol del Estado, la soberan\u00eda nacional y el libre mercado, como ha quedado de manifiesto en los numerosos debates que en forma p\u00fablica y privada hemos mantenido con quien hoy es ministro\u00bb. Es que desde el oficialismo hab\u00eda trascendido que De Vido ser\u00eda blanco de sus cr\u00edticas a prop\u00f3sito de su gesti\u00f3n en el \u00e1rea, ya que ese espacio lo culpa por generar un escenario que hoy requiere de las reformas que impulsa.<\/p>\n<p>En el inicio de su alocuci\u00f3n, el ministro remarc\u00f3 que en los \u00faltimos 12 a\u00f1os Argentina \u00abpas\u00f3 de tener energ\u00eda abundante y barata, a escasa y cara\u00bb. Seg\u00fan explic\u00f3, \u00abel sector representaba un gran desorden, con alta discrecionalidad\u00bb. Asegur\u00f3 que hab\u00eda \u00abdistorsi\u00f3n de precios y falta de capacidad de generaci\u00f3n de energ\u00eda\u00bb, entre otros problemas.<\/p>\n<p>En su denuncia de lo que denomin\u00f3 una \u00abgrave herencia\u00bb del sector, apunt\u00f3 que hubo un \u00abcrecimiento r\u00e9cord de la demanda que no pudo ser acompa\u00f1ado por la oferta a pesar del nivel de inversi\u00f3n estatal que se produjo\u00bb.<\/p>\n<p>Apoyado en gr\u00e1ficos que se mostraron a los diputados \u2013algunos de los cuales portaban carteles contra sus medidas\u2013, detall\u00f3 la situaci\u00f3n en cuando a la generaci\u00f3n de energ\u00eda el\u00e9ctrica y el gas natural, y se refiri\u00f3 a los vaivenes del precio del petr\u00f3leo y su impacto. Dijo que los \u00abprecios artificiales\u00bb afectaron las inversiones necesarias y que durante a\u00f1os se aplicaron subsidios para sectores pudientes y se castig\u00f3 a los m\u00e1s postergados.<\/p>\n<p>\u00abNuestro pa\u00eds es el segundo en reservas de petr\u00f3leo y gas no convencional en el mundo, y seguimos dependiendo de energ\u00eda externa\u00bb, lament\u00f3.<\/p>\n<p>Aranguren dijo que la \u00abadecuaci\u00f3n\u00bb de los precios de los servicios \u00abha sido gradual\u00bb. Precis\u00f3 que la \u00abrecomposici\u00f3n permite recuperar el 30%\u00bb del costo, mientras que el restante sigue siendo subsidiado. \u00abPara los que hablan de que esto es un shock o un tarifazo\u00bb, remat\u00f3.<\/p>\n<p>La ronda de preguntas comenz\u00f3 con la representante del Frente Renovador Liliana Schwindt, quien entre otras consultas pidi\u00f3 aclarar por qu\u00e9 raz\u00f3n no se llam\u00f3 a audiencias p\u00fablicas. Aranguren dijo que se trat\u00f3 de una \u00abadecuaci\u00f3n transitoria\u00bb, raz\u00f3n por la que lo consider\u00f3 innecesario: \u00abTodo lo que hemos hecho ha sido legal\u00bb, dijo.\u00a0 Sin embargo, concedi\u00f3 que la Corte Suprema ser\u00e1 la que defina si es as\u00ed.<\/p>\n<p>Menos medida fue la intervenci\u00f3n de H\u00e9ctor Recalde, jefe de la bancada kirchnerista. Luego de leer el mensaje que public\u00f3 De Vido, le espet\u00f3 al funcionario si cuando \u00abhizo el ensayo de prueba y error pens\u00f3 lo que sufrieron miles de hogares argentinos\u00bb.<\/p>\n<p>Tambi\u00e9n fue dura la massista Graciela Cama\u00f1o. Antes de formular sus preguntas, se\u00f1al\u00f3 que hay \u00abincompatibilidades manifiestas\u00bb entre sus actuales funciones y algunas de las decisiones que tom\u00f3. \u00abHa incurrido en mal desempe\u00f1o de funcionario p\u00fablico. No tiene la potestad de hacer lo que quiera\u00bb, indic\u00f3, al tiempo que pidi\u00f3 que no \u00abtome por pavotes\u00bb a los diputados.<\/p>\n<p>Durante sus contestaciones, Aranguren no pudo eludir los cuestionamientos que se hicieron sobre las acciones del ministro en cuanto a decisiones que involucran a Shell, empresa de la que fue CEO durante m\u00e1s de una d\u00e9cada en el pa\u00eds y en la que tiene acciones. Al respecto, dijo que se ha ajustado a lo que establece la Ley de \u00c9tica P\u00fablica. Tras repasar las disposiciones de esa norma, asegur\u00f3: \u00abNo hay funcionario de este ministerio que tome una decisi\u00f3n vinculada con alguna de las empresas en las que ha tenido participaci\u00f3n o haya sido empleado los \u00faltimos a\u00f1os\u00bb. Y agreg\u00f3: \u00abLa Justicia decidir\u00e1 si lo que estoy haciendo es incompatible con la funci\u00f3n p\u00fablica\u00bb.<\/p>\n<p>Uno de los momentos de tensi\u00f3n de la visita de Aranguren a la C\u00e1mara baja fue cuando Axel Kicillof decidi\u00f3 contestar las alusiones que hizo el actual ministro a medidas adoptadas por el hoy diputado cuando era ministro de Econom\u00eda. Tras las palabras del dirigente camporista, el radical Mario Negri pidi\u00f3 una interrupci\u00f3n, pero sus planteos fueron abucheados por diputados del kirchnerismo. \u00abA la barra del Frente para la Victoria, que se saque la camiseta un ratito\u00bb, pidi\u00f3.<\/p>\n<p>Con el correr de las intervenciones se dieron m\u00e1s cruces. Hubo numerosas discusiones acaloradas que obligaron a hacer repetidos llamados al orden, que no s\u00f3lo tuvieron a Aranguren como protagonista sino a legisladores del oficialismo y la oposici\u00f3n.<\/p>\n","protected":false},"excerpt":{"rendered":"<p>El ministro de Energ\u00eda, Juan Jos\u00e9 Aranguren, se present\u00f3 ante un plenario de comisiones de la C\u00e1mara de Diputados para referirse al aumento en las tarifas de servicios p\u00fablicos que promueve el Gobierno, y que se encuentran frenados por decisiones judiciales. Como conclusi\u00f3n, el funcionario indic\u00f3 que el Gobierno \u00abactuar\u00e1 en consecuencia\u00bb del fallo de [&hellip;]<\/p>\n","protected":false},"author":1,"featured_media":3802,"comment_status":"closed","ping_status":"open","sticky":false,"template":"","format":"standard","meta":{"footnotes":""},"categories":[49,30,48],"tags":[],"class_list":{"0":"post-3801","1":"post","2":"type-post","3":"status-publish","4":"format-standard","5":"has-post-thumbnail","7":"category-economia-y-gremiales","8":"category-nacion","9":"category-politica-argentina"},"aioseo_notices":[],"_links":{"self":[{"href":"https:\/\/guiadenoticias.com.ar\/diario\/wp-json\/wp\/v2\/posts\/3801","targetHints":{"allow":["GET"]}}],"collection":[{"href":"https:\/\/guiadenoticias.com.ar\/diario\/wp-json\/wp\/v2\/posts"}],"about":[{"href":"https:\/\/guiadenoticias.com.ar\/diario\/wp-json\/wp\/v2\/types\/post"}],"author":[{"embeddable":true,"href":"https:\/\/guiadenoticias.com.ar\/diario\/wp-json\/wp\/v2\/users\/1"}],"replies":[{"embeddable":true,"href":"https:\/\/guiadenoticias.com.ar\/diario\/wp-json\/wp\/v2\/comments?post=3801"}],"version-history":[{"count":2,"href":"https:\/\/guiadenoticias.com.ar\/diario\/wp-json\/wp\/v2\/posts\/3801\/revisions"}],"predecessor-version":[{"id":3814,"href":"https:\/\/guiadenoticias.com.ar\/diario\/wp-json\/wp\/v2\/posts\/3801\/revisions\/3814"}],"wp:featuredmedia":[{"embeddable":true,"href":"https:\/\/guiadenoticias.com.ar\/diario\/wp-json\/wp\/v2\/media\/3802"}],"wp:attachment":[{"href":"https:\/\/guiadenoticias.com.ar\/diario\/wp-json\/wp\/v2\/media?parent=3801"}],"wp:term":[{"taxonomy":"category","embeddable":true,"href":"https:\/\/guiadenoticias.com.ar\/diario\/wp-json\/wp\/v2\/categories?post=3801"},{"taxonomy":"post_tag","embeddable":true,"href":"https:\/\/guiadenoticias.com.ar\/diario\/wp-json\/wp\/v2\/tags?post=3801"}],"curies":[{"name":"wp","href":"https:\/\/api.w.org\/{rel}","templated":true}]}}