{"id":3821,"date":"2016-08-17T21:24:11","date_gmt":"2016-08-18T00:24:11","guid":{"rendered":"http:\/\/guiadenoticias.com.ar\/diario\/?p=3821"},"modified":"2016-08-17T21:29:02","modified_gmt":"2016-08-18T00:29:02","slug":"tras-pedidos-del-municipio-la-provincia-reactivo-la-construccion-de-194-viviendas","status":"publish","type":"post","link":"https:\/\/guiadenoticias.com.ar\/diario\/tras-pedidos-del-municipio-la-provincia-reactivo-la-construccion-de-194-viviendas\/","title":{"rendered":"Provincia reactiv\u00f3 la construcci\u00f3n de 194 viviendas en San Fernando"},"content":{"rendered":"<p>El barrio Tiro Federal de San Fernando es un complejo habitacional de 5 torres con 194 casas, cuya construcci\u00f3n fue abandonada por el gobierno de la Provincia en 2012. Cientos de sanfernandinos que hab\u00edan abonado sus viviendas se vieron afectados por esta decisi\u00f3n. En estos a\u00f1os, el municipio sostuvo los reclamos correspondientes, hasta lograr que las actuales autoridades del Instituto de la Vivienda reactiven las obras.<\/p>\n<p>El diputado provincial Juan Andreotti; el administrador General del Instituto de la Vivienda bonaerense, Evert Van Tooren; y el subsecretario de Gobierno y Asuntos Municipales, Alex Campbell, visitaron el predio y dialogaron con las familias adjudicatarias. \u201cEs un d\u00eda de alegr\u00eda porque vinimos junto a la Provincia a recorrer las obras del Tiro Federal, que estaban paradas hace m\u00e1s de cuatro a\u00f1os y hoy se reactivan\u201d, se\u00f1al\u00f3 el legislador bonaerense.<\/p>\n<p>\u201cLos vecinos hab\u00edan puesto su dinero \u2013 afirm\u00f3 Andreotti -, confiando que iba a avanzar y durante un per\u00edodo muy largo de tiempo estuvo frenado. Hay 104 familias que pagaron y estaban esperando sin soluci\u00f3n, por lo que el municipio llev\u00f3 adelante el reclamo y es ahora que se puede agradecer a la Provincia que le volvi\u00f3 a dar impulso a la construcci\u00f3n\u201d.<\/p>\n<p>Van Tooren dio el detalle t\u00e9cnico de c\u00f3mo proceder\u00e1 la reactivaci\u00f3n del plan: \u201cEl plazo para la primera torre es de 8 meses y despu\u00e9s vamos a seguir avanzando con el resto de la obra y esperamos terminar en un total de 18 meses. Vamos a tratar de apurarlo lo m\u00e1ximo que se pueda porque sabemos de la ansiedad de los vecinos que esperan estas viviendas hace m\u00e1s de cuatro a\u00f1os\u201d.<\/p>\n<p>\u201cEstamos en condiciones de seguir y que no se frene la obra, tenemos que cumplir con los pagos en tiempo y forma, porque es el primer compromiso que asumi\u00f3 la gobernadora cuando nos hicimos cargo del Instituto de la Vivienda y encontramos m\u00e1s de 127 mil viviendas frenadas\u201d, asever\u00f3.<\/p>\n<p>Por su parte, el subsecretario de Gobierno y Asuntos Municipales record\u00f3 que \u201cla gente vino hace un mes a reclamar por este tema, por lo que nos reunimos con el director del Instituto de la Vivienda para solucionarlo; y hablamos con la cooperativa \u2018H\u00e9roes de Malvinas\u2019, a cargo de la construcci\u00f3n, que ped\u00eda la re determinaci\u00f3n del precio y alcanzamos un acuerdo por lo que se va a poder terminar la obra\u201d.<\/p>\n","protected":false},"excerpt":{"rendered":"<p>El barrio Tiro Federal de San Fernando es un complejo habitacional de 5 torres con 194 casas, cuya construcci\u00f3n fue abandonada por el gobierno de la Provincia en 2012. Cientos de sanfernandinos que hab\u00edan abonado sus viviendas se vieron afectados por esta decisi\u00f3n. En estos a\u00f1os, el municipio sostuvo los reclamos correspondientes, hasta lograr que [&hellip;]<\/p>\n","protected":false},"author":1,"featured_media":3822,"comment_status":"closed","ping_status":"open","sticky":false,"template":"","format":"standard","meta":{"footnotes":""},"categories":[20,48,22],"tags":[],"class_list":{"0":"post-3821","1":"post","2":"type-post","3":"status-publish","4":"format-standard","5":"has-post-thumbnail","7":"category-municipios","8":"category-politica-argentina","9":"category-san-fernando"},"aioseo_notices":[],"_links":{"self":[{"href":"https:\/\/guiadenoticias.com.ar\/diario\/wp-json\/wp\/v2\/posts\/3821","targetHints":{"allow":["GET"]}}],"collection":[{"href":"https:\/\/guiadenoticias.com.ar\/diario\/wp-json\/wp\/v2\/posts"}],"about":[{"href":"https:\/\/guiadenoticias.com.ar\/diario\/wp-json\/wp\/v2\/types\/post"}],"author":[{"embeddable":true,"href":"https:\/\/guiadenoticias.com.ar\/diario\/wp-json\/wp\/v2\/users\/1"}],"replies":[{"embeddable":true,"href":"https:\/\/guiadenoticias.com.ar\/diario\/wp-json\/wp\/v2\/comments?post=3821"}],"version-history":[{"count":3,"href":"https:\/\/guiadenoticias.com.ar\/diario\/wp-json\/wp\/v2\/posts\/3821\/revisions"}],"predecessor-version":[{"id":3825,"href":"https:\/\/guiadenoticias.com.ar\/diario\/wp-json\/wp\/v2\/posts\/3821\/revisions\/3825"}],"wp:featuredmedia":[{"embeddable":true,"href":"https:\/\/guiadenoticias.com.ar\/diario\/wp-json\/wp\/v2\/media\/3822"}],"wp:attachment":[{"href":"https:\/\/guiadenoticias.com.ar\/diario\/wp-json\/wp\/v2\/media?parent=3821"}],"wp:term":[{"taxonomy":"category","embeddable":true,"href":"https:\/\/guiadenoticias.com.ar\/diario\/wp-json\/wp\/v2\/categories?post=3821"},{"taxonomy":"post_tag","embeddable":true,"href":"https:\/\/guiadenoticias.com.ar\/diario\/wp-json\/wp\/v2\/tags?post=3821"}],"curies":[{"name":"wp","href":"https:\/\/api.w.org\/{rel}","templated":true}]}}