{"id":3881,"date":"2016-08-20T20:30:45","date_gmt":"2016-08-20T23:30:45","guid":{"rendered":"http:\/\/guiadenoticias.com.ar\/diario\/?p=3881"},"modified":"2016-08-20T20:38:07","modified_gmt":"2016-08-20T23:38:07","slug":"deantoni-la-unidad-de-los-trabajadores-es-demasiado-grande-como-para-discutirla-en-un-triunvirato","status":"publish","type":"post","link":"https:\/\/guiadenoticias.com.ar\/diario\/deantoni-la-unidad-de-los-trabajadores-es-demasiado-grande-como-para-discutirla-en-un-triunvirato\/","title":{"rendered":"Deantoni: \u201cLa unidad es demasiado grande para discutirla en un triunvirato\u201d"},"content":{"rendered":"<p>La delegaci\u00f3n de La Bancaria San Mart\u00edn \u2013 Tres de Febrero realiz\u00f3 un nuevo encuentro con\u00a0jubilados y pensionados, con quienes compartieron una serie de actividades recreativas. En ese marco, Gu\u00eda de Noticias dialog\u00f3 con los responsables de la delegaci\u00f3n Jorge Deantoni y Ver\u00f3nica G\u00f3mez.<\/p>\n<p>El delegado regional anticip\u00f3 que planifican brindar algunas prestaciones m\u00e9dicas. \u201cHablamos con el secretario general, el compa\u00f1ero Palazzo, quien ya nos dio el OK, nos dio orden precisa para que nos pongamos a trabajar en instalar aqu\u00ed los consultorios con la atenci\u00f3n primaria para todos los afiliados. Tiene que ver con un m\u00e9dico cl\u00ednico, un cardi\u00f3logo, un extraccionista\u201d.<\/p>\n<p>De lleno en el tema gremial, Deantoni habl\u00f3 del lanzamiento de la Corriente Federal de los Trabajadores Argentinos, espacio que empuja un posicionamiento de \u200eSergio Palazzo en la futura conducci\u00f3n de la CGT, a definirse el pr\u00f3ximo 22 de agosto.<\/p>\n<p>\u201cEmitimos un documento claramente cr\u00edtico con la gesti\u00f3n de gobierno\u201d, mencion\u00f3, y dijo que\u00a0en el encuentro de Ferro abordaron \u201cla unidad del movimiento obrero argentino, que tiene que ver con la nueva conformaci\u00f3n de la CGT\u201d.<\/p>\n<p>Agreg\u00f3: \u201cLa unidad de los trabajadores es demasiado grande como para discutirla en un triunvirato. Tiene que haber una profunda discusi\u00f3n con todas las organizaciones sindicales\u201d.<\/p>\n<p>De todos modos, opin\u00f3 que \u201csiempre las discusiones se dan dentro de las organizaciones. Si un trabajador, un dirigente bancario tiene una diferencia la debe hablar dentro de la organizaci\u00f3n y lo mismo con la CGT. Creo que la Asociaci\u00f3n Bancaria, independientemente que este reclamo sea comprendido o no, tiene que quedarse en la CGT, y dar una discusi\u00f3n. Y ser celosos custodios de los puntos que reivindicamos. En ese sentido, creemos en la urgencia que haya una medida de fuerza, un paro general de 24 horas, en lo inmediato\u201d.<\/p>\n<p>La conflictivad, de hecho, gan\u00f3 la calle. La Bancaria por caso particip\u00f3 de la gran movilizaci\u00f3n del 7 de agosto. \u201cCon las dificultades que est\u00e1 teniendo el conjunto de la sociedad argentina, en particular los trabajadores, la unidad es un valor fundamental. Y ah\u00ed tienen que estar los partidos pol\u00edticos con representaci\u00f3n popular. Ah\u00ed tienen que estar las organizaciones sociales, ah\u00ed tienen que estar las organizaciones sindicales, para dar una discusi\u00f3n con \u00e9xito de revertir lo que est\u00e1 llevando adelante el Gobierno\u201d, consider\u00f3 Deantoni, quien es adem\u00e1s dirigente del radicalismo.<\/p>\n","protected":false},"excerpt":{"rendered":"<p>La delegaci\u00f3n de La Bancaria San Mart\u00edn \u2013 Tres de Febrero realiz\u00f3 un nuevo encuentro con\u00a0jubilados y pensionados, con quienes compartieron una serie de actividades recreativas. En ese marco, Gu\u00eda de Noticias dialog\u00f3 con los responsables de la delegaci\u00f3n Jorge Deantoni y Ver\u00f3nica G\u00f3mez. El delegado regional anticip\u00f3 que planifican brindar algunas prestaciones m\u00e9dicas. \u201cHablamos [&hellip;]<\/p>\n","protected":false},"author":1,"featured_media":3882,"comment_status":"closed","ping_status":"open","sticky":false,"template":"","format":"standard","meta":{"footnotes":""},"categories":[49,48,24],"tags":[],"class_list":{"0":"post-3881","1":"post","2":"type-post","3":"status-publish","4":"format-standard","5":"has-post-thumbnail","7":"category-economia-y-gremiales","8":"category-politica-argentina","9":"category-san-martin"},"aioseo_notices":[],"_links":{"self":[{"href":"https:\/\/guiadenoticias.com.ar\/diario\/wp-json\/wp\/v2\/posts\/3881","targetHints":{"allow":["GET"]}}],"collection":[{"href":"https:\/\/guiadenoticias.com.ar\/diario\/wp-json\/wp\/v2\/posts"}],"about":[{"href":"https:\/\/guiadenoticias.com.ar\/diario\/wp-json\/wp\/v2\/types\/post"}],"author":[{"embeddable":true,"href":"https:\/\/guiadenoticias.com.ar\/diario\/wp-json\/wp\/v2\/users\/1"}],"replies":[{"embeddable":true,"href":"https:\/\/guiadenoticias.com.ar\/diario\/wp-json\/wp\/v2\/comments?post=3881"}],"version-history":[{"count":7,"href":"https:\/\/guiadenoticias.com.ar\/diario\/wp-json\/wp\/v2\/posts\/3881\/revisions"}],"predecessor-version":[{"id":3889,"href":"https:\/\/guiadenoticias.com.ar\/diario\/wp-json\/wp\/v2\/posts\/3881\/revisions\/3889"}],"wp:featuredmedia":[{"embeddable":true,"href":"https:\/\/guiadenoticias.com.ar\/diario\/wp-json\/wp\/v2\/media\/3882"}],"wp:attachment":[{"href":"https:\/\/guiadenoticias.com.ar\/diario\/wp-json\/wp\/v2\/media?parent=3881"}],"wp:term":[{"taxonomy":"category","embeddable":true,"href":"https:\/\/guiadenoticias.com.ar\/diario\/wp-json\/wp\/v2\/categories?post=3881"},{"taxonomy":"post_tag","embeddable":true,"href":"https:\/\/guiadenoticias.com.ar\/diario\/wp-json\/wp\/v2\/tags?post=3881"}],"curies":[{"name":"wp","href":"https:\/\/api.w.org\/{rel}","templated":true}]}}