{"id":3910,"date":"2016-08-23T00:31:07","date_gmt":"2016-08-23T03:31:07","guid":{"rendered":"http:\/\/guiadenoticias.com.ar\/diario\/?p=3910"},"modified":"2016-08-23T00:31:40","modified_gmt":"2016-08-23T03:31:40","slug":"katopodis-recibio-a-baradel-y-yasky","status":"publish","type":"post","link":"https:\/\/guiadenoticias.com.ar\/diario\/katopodis-recibio-a-baradel-y-yasky\/","title":{"rendered":"Katopodis recibi\u00f3 a Baradel y Yasky"},"content":{"rendered":"<p>El intendente Gabriel Katopodis recibi\u00f3 en San Mart\u00edn al secretario General de la CTA, Hugo Yasky, y al secretario General del Suteba, Roberto Baradel, para analizar la situaci\u00f3n econ\u00f3mica y social de los trabajadores, y las demandas de los docentes.<\/p>\n<p>Al respecto, el jefe comunal se\u00f1al\u00f3: \u201cNuestro lugar es acompa\u00f1ar y representar a los trabajadores en sus demandas, en este dif\u00edcil contexto social y econ\u00f3mico\u201d.<\/p>\n<p>Y agreg\u00f3, \u201cnos preocupa que el tarifazo y la ca\u00edda de la actividad econ\u00f3mica impacte directamente sobre las Pymes e industrias, que son las generadoras de empleo\u201d.<\/p>\n<p>Asimismo durante la reuni\u00f3n se trabaj\u00f3 en las acciones que se realizar\u00e1n durante la Marcha Federal del 31 de agosto al 2 de septiembre, contra el tarifazo, el ajuste y los despidos, y como paso previo a la Audiencia P\u00fablica.<\/p>\n","protected":false},"excerpt":{"rendered":"<p>El intendente Gabriel Katopodis recibi\u00f3 en San Mart\u00edn al secretario General de la CTA, Hugo Yasky, y al secretario General del Suteba, Roberto Baradel, para analizar la situaci\u00f3n econ\u00f3mica y social de los trabajadores, y las demandas de los docentes. Al respecto, el jefe comunal se\u00f1al\u00f3: \u201cNuestro lugar es acompa\u00f1ar y representar a los trabajadores [&hellip;]<\/p>\n","protected":false},"author":1,"featured_media":3911,"comment_status":"closed","ping_status":"open","sticky":false,"template":"","format":"standard","meta":{"footnotes":""},"categories":[49,20,48,24],"tags":[],"class_list":{"0":"post-3910","1":"post","2":"type-post","3":"status-publish","4":"format-standard","5":"has-post-thumbnail","7":"category-economia-y-gremiales","8":"category-municipios","9":"category-politica-argentina","10":"category-san-martin"},"aioseo_notices":[],"_links":{"self":[{"href":"https:\/\/guiadenoticias.com.ar\/diario\/wp-json\/wp\/v2\/posts\/3910","targetHints":{"allow":["GET"]}}],"collection":[{"href":"https:\/\/guiadenoticias.com.ar\/diario\/wp-json\/wp\/v2\/posts"}],"about":[{"href":"https:\/\/guiadenoticias.com.ar\/diario\/wp-json\/wp\/v2\/types\/post"}],"author":[{"embeddable":true,"href":"https:\/\/guiadenoticias.com.ar\/diario\/wp-json\/wp\/v2\/users\/1"}],"replies":[{"embeddable":true,"href":"https:\/\/guiadenoticias.com.ar\/diario\/wp-json\/wp\/v2\/comments?post=3910"}],"version-history":[{"count":1,"href":"https:\/\/guiadenoticias.com.ar\/diario\/wp-json\/wp\/v2\/posts\/3910\/revisions"}],"predecessor-version":[{"id":3912,"href":"https:\/\/guiadenoticias.com.ar\/diario\/wp-json\/wp\/v2\/posts\/3910\/revisions\/3912"}],"wp:featuredmedia":[{"embeddable":true,"href":"https:\/\/guiadenoticias.com.ar\/diario\/wp-json\/wp\/v2\/media\/3911"}],"wp:attachment":[{"href":"https:\/\/guiadenoticias.com.ar\/diario\/wp-json\/wp\/v2\/media?parent=3910"}],"wp:term":[{"taxonomy":"category","embeddable":true,"href":"https:\/\/guiadenoticias.com.ar\/diario\/wp-json\/wp\/v2\/categories?post=3910"},{"taxonomy":"post_tag","embeddable":true,"href":"https:\/\/guiadenoticias.com.ar\/diario\/wp-json\/wp\/v2\/tags?post=3910"}],"curies":[{"name":"wp","href":"https:\/\/api.w.org\/{rel}","templated":true}]}}