{"id":3913,"date":"2016-08-23T01:03:44","date_gmt":"2016-08-23T04:03:44","guid":{"rendered":"http:\/\/guiadenoticias.com.ar\/diario\/?p=3913"},"modified":"2016-08-23T01:04:04","modified_gmt":"2016-08-23T04:04:04","slug":"la-cgt-se-reunifico-tras-cuatro-anos-de-idas-y-vueltas","status":"publish","type":"post","link":"https:\/\/guiadenoticias.com.ar\/diario\/la-cgt-se-reunifico-tras-cuatro-anos-de-idas-y-vueltas\/","title":{"rendered":"La CGT se reunific\u00f3 tras cuatro a\u00f1os de idas y vueltas"},"content":{"rendered":"<p>Juan Carlos Schmid (Dragado y Balizamiento), H\u00e9ctor Daer (Sanidad) y Carlos Acu\u00f1a (Estacioneros) finalmente fueron elegidos para conformar el triunvirato que conducir\u00e1 la CGT, que se reunific\u00f3 despu\u00e9s de cuatro a\u00f1os.<\/p>\n<p>Previamente, el congreso ordinario de la CGT reunido en el Estadio Obras vot\u00f3 una modificaci\u00f3n temporaria del estatuto de la central y dej\u00f3 habilitada la elecci\u00f3n del triunvirato. Entre los delegados de las tres CGT (Alsina, Azopardo y Azul y Blanca) estuvieron Hugo Moyano, Antonio Cal\u00f3 y Luis Barrionuevo.<\/p>\n<p>El primero en tomar la palabra fue Luis Barrionuevo, quien estuvo a cargo del discurso m\u00e1s pol\u00edtico: \u00abAquellos que no est\u00e1n es porque no quisieron. Hemos hablado con todos para que nadie est\u00e9 disconforme y podamos estar todos juntos. Nos esperan momentos dif\u00edciles, creo que nos va a ser mucho m\u00e1s dif\u00edcil sostener a trav\u00e9s de la democracia a este Gobierno. Por eso digo que aquellos que vienen a querernos imponer medidas de fuerzas cuando reci\u00e9n estamos consagrando la unidad del movimiento obrero, es una falta de respeto\u00bb.<\/p>\n<p>En segundo lugar habl\u00f3 Antonio Cal\u00f3, l\u00edder del UOM. \u00abDesde aqu\u00ed vamos a priorizar el plato de comida de los argentinos. Y si quieren priorizar el plato de comida chino, vamos a salir a defender nuestros intereses. No vamos a dejar que el Gobierno nos invada con productos de otros pa\u00edses\u00bb, remarc\u00f3.<\/p>\n<p>La \u00faltima palabra antes de dar paso a la nueva conducci\u00f3n fue para Hugo Moyano, quien hizo hincapi\u00e9 en \u00abla forma democr\u00e1tica\u00bb en que se llev\u00f3 a cabo la elecci\u00f3n: \u00abHa sido un acto absolutamente democr\u00e1tico donde los compa\u00f1eros que no estaban de acuerdo hicieron uso de la palabra, se manifestaron, se retiraron, pero fue un acto democr\u00e1tico\u00bb.<\/p>\n<p>Tambi\u00e9n apunt\u00f3 contra los que no participaron: \u00abLamentablemente no estuvieron todos los compa\u00f1eros presentes. Hubieran presentado una lista con un solo candidato y nosotros esta con tres candidatos. Y la mayor\u00eda ten\u00eda que decidirlo. (\u2026) A veces se anteponen los intereses personales, pero gracias a los trabajadores que han sabido interpretar los momentos hist\u00f3ricos que atraviesa nuestro pa\u00eds, le hemos dado a nuestra CGT la conducci\u00f3n de tres compa\u00f1eros que estoy convencido por su capacidad, responsabilidad y compromiso, que van a llevar adelante los destinos del movimiento obrero\u00bb.<\/p>\n<p>Asimismo, vincul\u00f3 la unificaci\u00f3n con un mensaje hacia la administraci\u00f3n de Mauricio Macri: \u00abEntendimos que era necesario encarar en conjunto con toda la fortaleza del movimiento obrero para que quienes nos gobiernan entiendan que los trabajadores no nos rendimos ni nos van a doblegar. Al movimiento obrero no lo doblega nadie por m\u00e1s que quieran asustarnos\u00bb.<\/p>\n<p><strong>N\u00d3MINA<\/strong><\/p>\n<p>Secretarios Generales: Carlos Acu\u00f1a (Garagistas), H\u00e9ctor Daer (Sanidad) y Juan Carlos Schmid, (Mar\u00edtimos)<\/p>\n<p>Secretario Gremial: Pablo Moyano (Camioneros)<\/p>\n<p>Secretario Adjunto: Andr\u00e9s Rodr\u00edguez (UPCN)<\/p>\n<p>Secretario de Interior: Francisco Guti\u00e9rrez (UOM)<\/p>\n<p>Secretario de Finanzas: Abel Frutos (Panaderos)<\/p>\n<p>Secretario Relaciones Institucionales: Armando Cavalieri (Comercio)<\/p>\n<p>Secretario de Prensa: Jorge Sola (Seguros)<\/p>\n<p>Secretario Cultura, Ciencia y T\u00e9cnica: Facundo Moyano (Peajes)<\/p>\n<p>Secretario de Seguridad Social: Oscar Rojas (Maestranza)<\/p>\n<p>Secretario Acci\u00f3n Social: Jos\u00e9 Luis Lingeri (Obras Sanitarias)<\/p>\n<p>Secretario Administrativo: Omar Plaini (Canillitas)<\/p>\n<p>Secretario Vivienda y Turismo: Roberto Fern\u00e1ndez (UTA)<\/p>\n<p>Secretario Relaciones Internacionales: Gerardo Mart\u00ednez (UOCRA)<\/p>\n<p>Secretario de Actas: Carlos Frigerio (Cerveceros)<\/p>\n<p>Secretario Asuntos Legislativos: Guillermo Pereyra (Petroleros)<\/p>\n<p>Secretario de Derechos Humanos: Julio Piumato (Judiciales)<\/p>\n<p>Secretar\u00eda Igualdad de Oportunidades y G\u00e9nero: Noem\u00ed Ruiz (modelos)<\/p>\n<p>Secretario de Estad\u00edsticas: V\u00edctor Santa Mar\u00eda (Suterh)<\/p>\n<p>Secretario de Pol\u00edticas Econ\u00f3micas y Sociales: Amadeo Genta (Municipales)<\/p>\n<p>Secretario de Pol\u00edticas Educativas: Sergio Romero (UDA)<\/p>\n<p>Secretario de Pol\u00edticas de Empleo: Omar Maturano (La Fraternidad)<\/p>\n<p>Secretario de Capacitaci\u00f3n: Argentino Geneiro (Gastron\u00f3micos)<\/p>\n<p>Secretario de Industria: Rodolfo Daer (Alimentaci\u00f3n)<\/p>\n<p>Secretario de Juventud: Juan Pablo Brey (Aeronavegantes)<\/p>\n<p>Secretar\u00eda de Salud: Sandra Maiorano (M\u00e9dicos)<\/p>\n<p><strong>LA CORRIENTE FEDERAL DE TRABAJADORES\u00a0NO CONVALID\u00d3 EL CONGRESO<\/strong><\/p>\n<p>Tras la intervenci\u00f3n de \u202a\u200eSergio Palazzo y al no sentirse representada en la nueva conducci\u00f3n de \u202a\u200ela CGT se retir\u00f3 del Congreso la Corriente Federal de Trabajadores. Como bien dijeron sus referentes esto no implica abandonar la central obrera.<\/p>\n<p>En ese sentido, el secretario de La Bancaria estim\u00f3: \u00abEs una mesa muy chica para una unidad tan grande. Han ofrecido la Secretaria de Finanzas y otras vocal\u00edas pero hemos dicho que no\u00bb.<\/p>\n<p>\u00abHay m\u00e1s de 100 gremios que no est\u00e1n representados, a eso hay que contar la cantidad de trabajadores monotributistas y precarizados\u00bb.<\/p>\n<p>Tambi\u00e9n se autoexcluyeron los taxistas de Jorge Viviani, SMATA de Ricardo Pignanelli y la Uni\u00f3n Ferroviaria de Jos\u00e9 Sasia, entre otros.<\/p>\n","protected":false},"excerpt":{"rendered":"<p>Juan Carlos Schmid (Dragado y Balizamiento), H\u00e9ctor Daer (Sanidad) y Carlos Acu\u00f1a (Estacioneros) finalmente fueron elegidos para conformar el triunvirato que conducir\u00e1 la CGT, que se reunific\u00f3 despu\u00e9s de cuatro a\u00f1os. Previamente, el congreso ordinario de la CGT reunido en el Estadio Obras vot\u00f3 una modificaci\u00f3n temporaria del estatuto de la central y dej\u00f3 habilitada [&hellip;]<\/p>\n","protected":false},"author":1,"featured_media":3914,"comment_status":"closed","ping_status":"open","sticky":false,"template":"","format":"standard","meta":{"footnotes":""},"categories":[49,30,48],"tags":[],"class_list":{"0":"post-3913","1":"post","2":"type-post","3":"status-publish","4":"format-standard","5":"has-post-thumbnail","7":"category-economia-y-gremiales","8":"category-nacion","9":"category-politica-argentina"},"aioseo_notices":[],"_links":{"self":[{"href":"https:\/\/guiadenoticias.com.ar\/diario\/wp-json\/wp\/v2\/posts\/3913","targetHints":{"allow":["GET"]}}],"collection":[{"href":"https:\/\/guiadenoticias.com.ar\/diario\/wp-json\/wp\/v2\/posts"}],"about":[{"href":"https:\/\/guiadenoticias.com.ar\/diario\/wp-json\/wp\/v2\/types\/post"}],"author":[{"embeddable":true,"href":"https:\/\/guiadenoticias.com.ar\/diario\/wp-json\/wp\/v2\/users\/1"}],"replies":[{"embeddable":true,"href":"https:\/\/guiadenoticias.com.ar\/diario\/wp-json\/wp\/v2\/comments?post=3913"}],"version-history":[{"count":1,"href":"https:\/\/guiadenoticias.com.ar\/diario\/wp-json\/wp\/v2\/posts\/3913\/revisions"}],"predecessor-version":[{"id":3915,"href":"https:\/\/guiadenoticias.com.ar\/diario\/wp-json\/wp\/v2\/posts\/3913\/revisions\/3915"}],"wp:featuredmedia":[{"embeddable":true,"href":"https:\/\/guiadenoticias.com.ar\/diario\/wp-json\/wp\/v2\/media\/3914"}],"wp:attachment":[{"href":"https:\/\/guiadenoticias.com.ar\/diario\/wp-json\/wp\/v2\/media?parent=3913"}],"wp:term":[{"taxonomy":"category","embeddable":true,"href":"https:\/\/guiadenoticias.com.ar\/diario\/wp-json\/wp\/v2\/categories?post=3913"},{"taxonomy":"post_tag","embeddable":true,"href":"https:\/\/guiadenoticias.com.ar\/diario\/wp-json\/wp\/v2\/tags?post=3913"}],"curies":[{"name":"wp","href":"https:\/\/api.w.org\/{rel}","templated":true}]}}