{"id":3961,"date":"2016-08-25T18:09:05","date_gmt":"2016-08-25T21:09:05","guid":{"rendered":"http:\/\/guiadenoticias.com.ar\/diario\/?p=3961"},"modified":"2016-08-25T18:18:02","modified_gmt":"2016-08-25T21:18:02","slug":"julio-diaz-no-cierran-los-numeros-en-ituzaingo","status":"publish","type":"post","link":"https:\/\/guiadenoticias.com.ar\/diario\/julio-diaz-no-cierran-los-numeros-en-ituzaingo\/","title":{"rendered":"Julio D\u00edaz: \u201cNo cierran los n\u00fameros en Ituzaing\u00f3\u201d"},"content":{"rendered":"<p>Los n\u00fameros no cierran en Ituzaing\u00f3. Ante la demora de un salvataje del Gobierno, la gesti\u00f3n encabezada por Alberto Descalzo apela al recurso del aumento de tasas; aplic\u00f3 ya la cl\u00e1usula gatillo, que signific\u00f3 un segundo incremento en ABL, y pretende conseguir el visto bueno, primero del Deliberativo y luego de los Mayores Contribuyentes, para un alza de 20 por ciento en Seguridad e Higiene.<\/p>\n<p>Entonces no tard\u00f3 en llegar la reacci\u00f3n de parte de la oposici\u00f3n en el Concejo Deliberante. En ese sentido, los ediles Julio D\u00edaz, de Agrupaci\u00f3n Ituzaing\u00f3, y el socialista Esteban Vallarino redactaron un pedido de informes para que desde el Ejecutivo informen de manera p\u00fablica la situaci\u00f3n financiera de la Comuna.<\/p>\n<p>Buscan que el intendente o el nuevo secretario de Econom\u00eda y Hacienda, Marcelo Martinelli, expongan sobre la estado de las cuentas fiscales. Pero hasta el momento lo m\u00e1ximo que obtuvieron fue la explicaci\u00f3n que Marcelo Nadal dio este jueves en la reuni\u00f3n de la Comisi\u00f3n de Hacienda.<\/p>\n<p>En di\u00e1logo con Gu\u00eda de Noticias, D\u00edaz indic\u00f3, \u201cexiste la necesidad que expliquen la situaci\u00f3n econ\u00f3mica que vive el distrito. Estamos preocupados por las declaraciones de Alberto Descalzo, diciendo que la recaudaci\u00f3n municipal baj\u00f3 8 por ciento\u201d. Por otro lado remarc\u00f3 un doble discurso del jefe comunal, \u201cva contra el tarifazo, que considera injusto, pero aumenta tasas en el distrito\u201d.<\/p>\n<p>M\u00e1s all\u00e1 de la data que baje del Ejecutivo &#8211; si efectivamente llega -, el concejal tiene una idea del panorama: \u201cDebe ser por el aumento de los insumos, los costos de la recolecci\u00f3n, m\u00e1s el tarifazo que vendr\u00eda a futuro. No le cierran los n\u00fameros. Sumado a la deuda declarada en la Rendici\u00f3n de Cuentas. Todo eso puede derivar en un caos econ\u00f3mico que lleve al municipio a limitar prestaciones\u201d.<\/p>\n<p>Agreg\u00f3 que \u201clos vecinos est\u00e1n muy preocupados, porque ven que encima que hay un ajuste no reciben buenos servicios. Ven que las calles siguen rotas, que hay una inseguridad constante, falta de iluminaci\u00f3n, falta del hospital\u201d.<\/p>\n<p>Adem\u00e1s, con el aumento de Seguridad e Higiene se suman las quejas de comerciantes. \u201cEs l\u00f3gica su preocupaci\u00f3n, porque si en esta situaci\u00f3n econ\u00f3mica te ajustan m\u00e1s, te asfixian, y los comercios cierran; de hecho ya se fueron negocios\u201d, consider\u00f3 el edil.<\/p>\n<p>Mientras que su proyecto s\u00f3lo obtuvo cuatro firmas, es casi un hecho el tratamiento en la pr\u00f3xima sesi\u00f3n de los incrementos solicitados por Descalzo. A la vez que dej\u00f3 entrever que su voto ser\u00e1 negativo, dispar\u00f3: \u201cSi hay concejales que ni quieren conocer cu\u00e1l es la realidad del municipio, con un pedido de informes, me da la impresi\u00f3n que van a aprobar, sin saber de qu\u00e9 se trata\u201d.<\/p>\n","protected":false},"excerpt":{"rendered":"<p>Los n\u00fameros no cierran en Ituzaing\u00f3. Ante la demora de un salvataje del Gobierno, la gesti\u00f3n encabezada por Alberto Descalzo apela al recurso del aumento de tasas; aplic\u00f3 ya la cl\u00e1usula gatillo, que signific\u00f3 un segundo incremento en ABL, y pretende conseguir el visto bueno, primero del Deliberativo y luego de los Mayores Contribuyentes, para [&hellip;]<\/p>\n","protected":false},"author":1,"featured_media":3962,"comment_status":"closed","ping_status":"open","sticky":false,"template":"","format":"standard","meta":{"footnotes":""},"categories":[29,20,48],"tags":[],"class_list":{"0":"post-3961","1":"post","2":"type-post","3":"status-publish","4":"format-standard","5":"has-post-thumbnail","7":"category-ituzaingo","8":"category-municipios","9":"category-politica-argentina"},"aioseo_notices":[],"_links":{"self":[{"href":"https:\/\/guiadenoticias.com.ar\/diario\/wp-json\/wp\/v2\/posts\/3961","targetHints":{"allow":["GET"]}}],"collection":[{"href":"https:\/\/guiadenoticias.com.ar\/diario\/wp-json\/wp\/v2\/posts"}],"about":[{"href":"https:\/\/guiadenoticias.com.ar\/diario\/wp-json\/wp\/v2\/types\/post"}],"author":[{"embeddable":true,"href":"https:\/\/guiadenoticias.com.ar\/diario\/wp-json\/wp\/v2\/users\/1"}],"replies":[{"embeddable":true,"href":"https:\/\/guiadenoticias.com.ar\/diario\/wp-json\/wp\/v2\/comments?post=3961"}],"version-history":[{"count":6,"href":"https:\/\/guiadenoticias.com.ar\/diario\/wp-json\/wp\/v2\/posts\/3961\/revisions"}],"predecessor-version":[{"id":3968,"href":"https:\/\/guiadenoticias.com.ar\/diario\/wp-json\/wp\/v2\/posts\/3961\/revisions\/3968"}],"wp:featuredmedia":[{"embeddable":true,"href":"https:\/\/guiadenoticias.com.ar\/diario\/wp-json\/wp\/v2\/media\/3962"}],"wp:attachment":[{"href":"https:\/\/guiadenoticias.com.ar\/diario\/wp-json\/wp\/v2\/media?parent=3961"}],"wp:term":[{"taxonomy":"category","embeddable":true,"href":"https:\/\/guiadenoticias.com.ar\/diario\/wp-json\/wp\/v2\/categories?post=3961"},{"taxonomy":"post_tag","embeddable":true,"href":"https:\/\/guiadenoticias.com.ar\/diario\/wp-json\/wp\/v2\/tags?post=3961"}],"curies":[{"name":"wp","href":"https:\/\/api.w.org\/{rel}","templated":true}]}}