{"id":3983,"date":"2016-08-26T01:02:43","date_gmt":"2016-08-26T04:02:43","guid":{"rendered":"http:\/\/guiadenoticias.com.ar\/diario\/?p=3983"},"modified":"2016-08-26T01:03:02","modified_gmt":"2016-08-26T04:03:02","slug":"andreotti-pidio-que-municipios-administren-los-planes-de-trabajo","status":"publish","type":"post","link":"https:\/\/guiadenoticias.com.ar\/diario\/andreotti-pidio-que-municipios-administren-los-planes-de-trabajo\/","title":{"rendered":"Andreotti pidi\u00f3 que municipios administren los planes de trabajo"},"content":{"rendered":"<p>El intendente de San Fernando, Luis Andreotti, lament\u00f3 los hechos de violencia que tuvieron lugar el mi\u00e9rcoles en la autopista, \u00a0donde se enfrentaron organizaciones sociales y Gendarmer\u00eda. \u201cHace tiempo venimos planteando que pod\u00eda ocurrir algo as\u00ed; esto pasa cuando los recursos no son manejados por quienes deben hacerlo, que son los municipios que conocen la realidad de los distritos y fueron elegidos democr\u00e1ticamente\u201d, afirm\u00f3.<\/p>\n<p>Integrantes de la organizaci\u00f3n social CTD An\u00edbal Ver\u00f3n y efectivos de Gendarmer\u00eda se enfrentaron en la Autopista Buenos Aires-La Plata, a la altura de Dock Sud. Los incidentes ocurrieron cuando la fuerza de seguridad desaloj\u00f3 a los manifestantes que cortaban la calle en reclamo de asistencia social.<\/p>\n<p>El jefe comunal repudi\u00f3 los hechos de violencia. \u201cCreemos que hay maneras de reclamar y manifestarse sin tener que recurrir a cortar una calle; repudiamos los incidentes que ocurrieron ayer\u201d, sostuvo. En este sentido consider\u00f3 que \u201ccuando se pone en manos de organizaciones sociales el manejo de recursos p\u00fablicos y planes de trabajo sociales, muchas veces suelen generarse peleas y enfrentamientos por el manejo de los fondos, que derivan en hechos de violencia como este\u201d.<\/p>\n<p>Adem\u00e1s, record\u00f3 que \u201cen San Fernando hace cuatro a\u00f1os y medio que no manejamos ning\u00fan plan de trabajo social, y es una situaci\u00f3n que pasaba con la anterior gesti\u00f3n y con la actual, por eso enviamos varias notas e hicimos los reclamos correspondientes solicitando nos otorguen la administraci\u00f3n de los planes, ya que advert\u00edamos que pod\u00edan suceder incidentes violentos como el de ayer, los cuales lamentamos profundamente\u201d.<\/p>\n<p>\u201cLe pedimos a la ministra de Desarrollo Social de la Naci\u00f3n, Carolina Stanley, que respete las instituciones y el federalismo, y lleve adelante un manejo correcto de los planes de trabajo sociales y los fondos p\u00fablicos a trav\u00e9s de los municipios; que valore a los representantes de la gente, que en este caso son los intendentes\u201d, concluy\u00f3<\/p>\n","protected":false},"excerpt":{"rendered":"<p>El intendente de San Fernando, Luis Andreotti, lament\u00f3 los hechos de violencia que tuvieron lugar el mi\u00e9rcoles en la autopista, \u00a0donde se enfrentaron organizaciones sociales y Gendarmer\u00eda. \u201cHace tiempo venimos planteando que pod\u00eda ocurrir algo as\u00ed; esto pasa cuando los recursos no son manejados por quienes deben hacerlo, que son los municipios que conocen la [&hellip;]<\/p>\n","protected":false},"author":1,"featured_media":3984,"comment_status":"closed","ping_status":"open","sticky":false,"template":"","format":"standard","meta":{"footnotes":""},"categories":[20,48,22],"tags":[],"class_list":{"0":"post-3983","1":"post","2":"type-post","3":"status-publish","4":"format-standard","5":"has-post-thumbnail","7":"category-municipios","8":"category-politica-argentina","9":"category-san-fernando"},"aioseo_notices":[],"_links":{"self":[{"href":"https:\/\/guiadenoticias.com.ar\/diario\/wp-json\/wp\/v2\/posts\/3983","targetHints":{"allow":["GET"]}}],"collection":[{"href":"https:\/\/guiadenoticias.com.ar\/diario\/wp-json\/wp\/v2\/posts"}],"about":[{"href":"https:\/\/guiadenoticias.com.ar\/diario\/wp-json\/wp\/v2\/types\/post"}],"author":[{"embeddable":true,"href":"https:\/\/guiadenoticias.com.ar\/diario\/wp-json\/wp\/v2\/users\/1"}],"replies":[{"embeddable":true,"href":"https:\/\/guiadenoticias.com.ar\/diario\/wp-json\/wp\/v2\/comments?post=3983"}],"version-history":[{"count":1,"href":"https:\/\/guiadenoticias.com.ar\/diario\/wp-json\/wp\/v2\/posts\/3983\/revisions"}],"predecessor-version":[{"id":3985,"href":"https:\/\/guiadenoticias.com.ar\/diario\/wp-json\/wp\/v2\/posts\/3983\/revisions\/3985"}],"wp:featuredmedia":[{"embeddable":true,"href":"https:\/\/guiadenoticias.com.ar\/diario\/wp-json\/wp\/v2\/media\/3984"}],"wp:attachment":[{"href":"https:\/\/guiadenoticias.com.ar\/diario\/wp-json\/wp\/v2\/media?parent=3983"}],"wp:term":[{"taxonomy":"category","embeddable":true,"href":"https:\/\/guiadenoticias.com.ar\/diario\/wp-json\/wp\/v2\/categories?post=3983"},{"taxonomy":"post_tag","embeddable":true,"href":"https:\/\/guiadenoticias.com.ar\/diario\/wp-json\/wp\/v2\/tags?post=3983"}],"curies":[{"name":"wp","href":"https:\/\/api.w.org\/{rel}","templated":true}]}}