{"id":4060,"date":"2016-08-30T02:44:14","date_gmt":"2016-08-30T05:44:14","guid":{"rendered":"http:\/\/guiadenoticias.com.ar\/diario\/?p=4060"},"modified":"2016-08-30T02:49:14","modified_gmt":"2016-08-30T05:49:14","slug":"massa-se-mostro-con-acuna-uno-de-los-nuevos-lideres-de-la-cgt","status":"publish","type":"post","link":"https:\/\/guiadenoticias.com.ar\/diario\/massa-se-mostro-con-acuna-uno-de-los-nuevos-lideres-de-la-cgt\/","title":{"rendered":"Massa se mostr\u00f3 con Acu\u00f1a, flamante secretario de la CGT"},"content":{"rendered":"<p>Sergio Massa particip\u00f3 del acto que organiz\u00f3 el Sindicato de Obreros y Empleados de Estaciones de Servicio y GNC, Garages, Playas de Estacionamiento y Lavaderos de Autos, en el Luna Park, para festejar el D\u00eda del Ni\u00f1o y del gremio.<\/p>\n<p>All\u00ed, el diputado nacional estuvo con Carlos Acu\u00f1a, que asumi\u00f3 recientemente junto a H\u00e9ctor Daer y Juan Carlos Schmid como secretario general de la CGT.<\/p>\n<p>Al momento de tomar la palabra, Massa se dirigi\u00f3 directamente a los trabajadores: \u00abTenemos que construir un Estado que los proteja, que los defienda y ampare. Vivimos en un pa\u00eds donde la droga y la inseguridad nos golpean. Muchos de ustedes lo viven como nadie en las noches de niebla en las estaciones de servicio\u00bb.<\/p>\n<p>Asimismo, el l\u00edder del Frente Renovador pidi\u00f3 \u00abuna Justicia que termine de liberar a los delincuentes que entran y salen como panchos por su casa\u00bb, pero advirti\u00f3: \u00abSobre todas las cosas tenemos que trabajar juntos para defender la capacidad de compra de cada uno de los salarios\u00bb.<\/p>\n<p>\u00abViene un nuevo tiempo. El camino es el reclamo y la propuesta, y no la violencia y la protesta, como plantean algunos sectores\u00bb, sentenci\u00f3.<\/p>\n<p>Tambi\u00e9n se mostr\u00f3 elogioso con Acu\u00f1a: \u00abEs un orgullo acompa\u00f1ar a Carlos Acu\u00f1a y al sindicato por sexto a\u00f1o consecutivo. Llegar a la m\u00e1xima representaci\u00f3n de los trabajadores argentinos es un m\u00e9rito suyo y de todos los trabajadores de estaciones de servicio. Va a saber defender a todos los trabajadores del pa\u00eds\u00bb.<\/p>\n<p>Por su parte, Carlos Acu\u00f1a sostuvo: \u00abHoy tengo la responsabilidad de estar al frente de la CGT, trabajando no solamente para sectores de nuestro gremio, sino para todos los gremios del pa\u00eds. All\u00ed vamos a poner todo el esfuerzo para que la gente salga adelante\u201d.<\/p>\n<p>\u00abEl Gobierno tiene que resolver problemas con equilibrio. Los trabajadores mostramos que hay una unidad, una voz autorizada institucionalmente para marcarle al Gobierno lo que no est\u00e1 bien y hacerle las propuestas para mejorar la situaci\u00f3n\u00bb, sum\u00f3.<\/p>\n<p>Massa luego le envi\u00f3 un mensaje a la administraci\u00f3n macrista: \u00abEsperamos que nos escuche. Hemos presentado cinco propuestas concretas. La primera para que se le mejore la situaci\u00f3n a los jubilados de la m\u00ednima, otra para mejorar la de los que cobran los planes sociales y que puedan entrar al mercado del trabajo. Adem\u00e1s, planteamos como mejorarles la situaci\u00f3n a los trabajadores formales para quitarles el peso del Estado con el impuesto a las ganancias\u00bb<\/p>\n","protected":false},"excerpt":{"rendered":"<p>Sergio Massa particip\u00f3 del acto que organiz\u00f3 el Sindicato de Obreros y Empleados de Estaciones de Servicio y GNC, Garages, Playas de Estacionamiento y Lavaderos de Autos, en el Luna Park, para festejar el D\u00eda del Ni\u00f1o y del gremio. All\u00ed, el diputado nacional estuvo con Carlos Acu\u00f1a, que asumi\u00f3 recientemente junto a H\u00e9ctor Daer [&hellip;]<\/p>\n","protected":false},"author":1,"featured_media":4061,"comment_status":"closed","ping_status":"open","sticky":false,"template":"","format":"standard","meta":{"footnotes":""},"categories":[49,30,48,31],"tags":[],"class_list":{"0":"post-4060","1":"post","2":"type-post","3":"status-publish","4":"format-standard","5":"has-post-thumbnail","7":"category-economia-y-gremiales","8":"category-nacion","9":"category-politica-argentina","10":"category-provincia"},"aioseo_notices":[],"_links":{"self":[{"href":"https:\/\/guiadenoticias.com.ar\/diario\/wp-json\/wp\/v2\/posts\/4060","targetHints":{"allow":["GET"]}}],"collection":[{"href":"https:\/\/guiadenoticias.com.ar\/diario\/wp-json\/wp\/v2\/posts"}],"about":[{"href":"https:\/\/guiadenoticias.com.ar\/diario\/wp-json\/wp\/v2\/types\/post"}],"author":[{"embeddable":true,"href":"https:\/\/guiadenoticias.com.ar\/diario\/wp-json\/wp\/v2\/users\/1"}],"replies":[{"embeddable":true,"href":"https:\/\/guiadenoticias.com.ar\/diario\/wp-json\/wp\/v2\/comments?post=4060"}],"version-history":[{"count":4,"href":"https:\/\/guiadenoticias.com.ar\/diario\/wp-json\/wp\/v2\/posts\/4060\/revisions"}],"predecessor-version":[{"id":4065,"href":"https:\/\/guiadenoticias.com.ar\/diario\/wp-json\/wp\/v2\/posts\/4060\/revisions\/4065"}],"wp:featuredmedia":[{"embeddable":true,"href":"https:\/\/guiadenoticias.com.ar\/diario\/wp-json\/wp\/v2\/media\/4061"}],"wp:attachment":[{"href":"https:\/\/guiadenoticias.com.ar\/diario\/wp-json\/wp\/v2\/media?parent=4060"}],"wp:term":[{"taxonomy":"category","embeddable":true,"href":"https:\/\/guiadenoticias.com.ar\/diario\/wp-json\/wp\/v2\/categories?post=4060"},{"taxonomy":"post_tag","embeddable":true,"href":"https:\/\/guiadenoticias.com.ar\/diario\/wp-json\/wp\/v2\/tags?post=4060"}],"curies":[{"name":"wp","href":"https:\/\/api.w.org\/{rel}","templated":true}]}}