{"id":4095,"date":"2016-08-31T21:32:10","date_gmt":"2016-09-01T00:32:10","guid":{"rendered":"http:\/\/guiadenoticias.com.ar\/diario\/?p=4095"},"modified":"2016-08-31T21:32:52","modified_gmt":"2016-09-01T00:32:52","slug":"iadepp-ayudo-a-una-joven-a-obtener-su-primer-dni","status":"publish","type":"post","link":"https:\/\/guiadenoticias.com.ar\/diario\/iadepp-ayudo-a-una-joven-a-obtener-su-primer-dni\/","title":{"rendered":"IADEPP ayud\u00f3 a una joven a obtener su primer DNI"},"content":{"rendered":"<p>El pasado 26 de agosto, Anah\u00ed Fern\u00e1ndez pudo acceder a su primer documento tras una vida como invisible. Gracias al trabajo de IADEPP y su propuesta IndocumentadxsCERO, la joven dej\u00f3 de ser indocumentada.<\/p>\n<p>Anah\u00ed es vecina de zona norte. Tiene hijos y familia. Pero hasta hoy, un gran problema le imped\u00eda desarrollar su vida con normalidad. Al no haber sido inscripta al nacer no pudo tener una partida de nacimiento y por ende, un DNI. Esta situaci\u00f3n la condicion\u00f3 para acceder a los derechos ciudadanos m\u00e1s b\u00e1sicos pero vitales: el acceso al sistema de salud, la educaci\u00f3n y el empleo formal.<\/p>\n<p>En 2015 se acerc\u00f3 al Instituto Abierto para el Desarrollo y Estudio de Pol\u00edticas P\u00fablicas (IADEPP), en b\u00fasqueda de asesoramiento. All\u00ed, en el marco del programa IndocumentadxsCERO, le brindaron una soluci\u00f3n a su problema, durante el a\u00f1o pasado comenzaron el tr\u00e1mite de inscripci\u00f3n fuera de t\u00e9rmino con su constancia de nacimiento y junto al personal de la Defensor\u00eda de Familia del Departamento Judicial de San Isidro lograron que la sentencia definitiva llegue a comienzos de este a\u00f1o.<\/p>\n<p>Con esa sentencia se presentaron en el Registro Provincial de las Personas para que all\u00ed autoricen expedirle un DNI.<\/p>\n<p>\u201cEstoy feliz, no puedo expresar lo que siento. Estoy muy agradecida con todos los que me ayudaron. Ahora quiero anotar mi nombre en las partidas de nacimiento de mis hijas\u201d, cont\u00f3 Anah\u00ed Fern\u00e1ndez.<\/p>\n<p>Jorge \u00c1lvarez, director de Programas de IADEPP, ponder\u00f3 la conquista como un mensaje de aliento a quienes carecen de un Documento de Identidad. \u00abDebemos alentar a aquellas personas que con angustia se sienten solas en la dura tarea de acceder a su DNI, por eso queremos compartir la alegr\u00eda de este nuevo caso de un indocumentado que deja de serlo. Juntos podemos lograrlo y todos podemos colaborar con ello, difundiendo una buena noticia o bien asesorando y acompa\u00f1ando al indocumentado. #IndocumentadxsCERO es posible\u00bb.<\/p>\n","protected":false},"excerpt":{"rendered":"<p>El pasado 26 de agosto, Anah\u00ed Fern\u00e1ndez pudo acceder a su primer documento tras una vida como invisible. Gracias al trabajo de IADEPP y su propuesta IndocumentadxsCERO, la joven dej\u00f3 de ser indocumentada. Anah\u00ed es vecina de zona norte. Tiene hijos y familia. Pero hasta hoy, un gran problema le imped\u00eda desarrollar su vida con [&hellip;]<\/p>\n","protected":false},"author":1,"featured_media":4096,"comment_status":"closed","ping_status":"open","sticky":false,"template":"","format":"standard","meta":{"footnotes":""},"categories":[19,20,21],"tags":[],"class_list":{"0":"post-4095","1":"post","2":"type-post","3":"status-publish","4":"format-standard","5":"has-post-thumbnail","7":"category-informacion-general","8":"category-municipios","9":"category-san-isidro"},"aioseo_notices":[],"_links":{"self":[{"href":"https:\/\/guiadenoticias.com.ar\/diario\/wp-json\/wp\/v2\/posts\/4095","targetHints":{"allow":["GET"]}}],"collection":[{"href":"https:\/\/guiadenoticias.com.ar\/diario\/wp-json\/wp\/v2\/posts"}],"about":[{"href":"https:\/\/guiadenoticias.com.ar\/diario\/wp-json\/wp\/v2\/types\/post"}],"author":[{"embeddable":true,"href":"https:\/\/guiadenoticias.com.ar\/diario\/wp-json\/wp\/v2\/users\/1"}],"replies":[{"embeddable":true,"href":"https:\/\/guiadenoticias.com.ar\/diario\/wp-json\/wp\/v2\/comments?post=4095"}],"version-history":[{"count":1,"href":"https:\/\/guiadenoticias.com.ar\/diario\/wp-json\/wp\/v2\/posts\/4095\/revisions"}],"predecessor-version":[{"id":4097,"href":"https:\/\/guiadenoticias.com.ar\/diario\/wp-json\/wp\/v2\/posts\/4095\/revisions\/4097"}],"wp:featuredmedia":[{"embeddable":true,"href":"https:\/\/guiadenoticias.com.ar\/diario\/wp-json\/wp\/v2\/media\/4096"}],"wp:attachment":[{"href":"https:\/\/guiadenoticias.com.ar\/diario\/wp-json\/wp\/v2\/media?parent=4095"}],"wp:term":[{"taxonomy":"category","embeddable":true,"href":"https:\/\/guiadenoticias.com.ar\/diario\/wp-json\/wp\/v2\/categories?post=4095"},{"taxonomy":"post_tag","embeddable":true,"href":"https:\/\/guiadenoticias.com.ar\/diario\/wp-json\/wp\/v2\/tags?post=4095"}],"curies":[{"name":"wp","href":"https:\/\/api.w.org\/{rel}","templated":true}]}}